{"id":1437,"date":"2016-03-29T00:19:42","date_gmt":"2016-03-29T03:19:42","guid":{"rendered":"https:\/\/wp.ufpel.edu.br\/ppgs\/?p=1437"},"modified":"2016-03-29T00:19:42","modified_gmt":"2016-03-29T03:19:42","slug":"1o-seminario-nacional-de-desenvolvimento-regional-sustentabilidade-socioeconomica-e-ambiental-no-contexto-regional","status":"publish","type":"post","link":"https:\/\/wp.ufpel.edu.br\/ppgs\/2016\/03\/29\/1o-seminario-nacional-de-desenvolvimento-regional-sustentabilidade-socioeconomica-e-ambiental-no-contexto-regional\/","title":{"rendered":"1\u00ba Semin\u00e1rio Nacional de Desenvolvimento Regional: Sustentabilidade socioecon\u00f4mica e ambiental no contexto regional"},"content":{"rendered":"<p>O PPG Sociologia divulga o 1\u00ba Semin\u00e1rio Nacional de Desenvolvimento Regional: Sustentabilidade socioecon\u00f4mica e ambiental no contexto regional, que acontece nessa semana nas Faculdades Integradas de Taquara.<\/p>\n<p>Mais informa\u00e7\u00f5es no <a href=\"https:\/\/www2.faccat.br\/portal\/?q=node\/2429\">site do evento<\/a>.<\/p>\n<p>&nbsp;<\/p>\n<p><a href=\"https:\/\/i0.wp.com\/wp.ufpel.edu.br\/ppgs\/files\/2016\/03\/evento.jpg?ssl=1\" rel=\"attachment wp-att-1439\"><img data-recalc-dims=\"1\" data-attachment-id=\"1439\" data-permalink=\"https:\/\/wp.ufpel.edu.br\/ppgs\/2016\/03\/29\/1o-seminario-nacional-de-desenvolvimento-regional-sustentabilidade-socioeconomica-e-ambiental-no-contexto-regional\/evento\/\" data-orig-file=\"https:\/\/i0.wp.com\/wp.ufpel.edu.br\/ppgs\/files\/2016\/03\/evento.jpg?fit=650%2C396&amp;ssl=1\" data-orig-size=\"650,396\" data-comments-opened=\"0\" data-image-meta=\"{&quot;aperture&quot;:&quot;0&quot;,&quot;credit&quot;:&quot;Rafael Moeller Hartz&quot;,&quot;camera&quot;:&quot;&quot;,&quot;caption&quot;:&quot;&quot;,&quot;created_timestamp&quot;:&quot;1438963711&quot;,&quot;copyright&quot;:&quot;&quot;,&quot;focal_length&quot;:&quot;0&quot;,&quot;iso&quot;:&quot;0&quot;,&quot;shutter_speed&quot;:&quot;0&quot;,&quot;title&quot;:&quot;&quot;,&quot;orientation&quot;:&quot;1&quot;}\" data-image-title=\"evento\" data-image-description=\"\" data-image-caption=\"\" data-medium-file=\"https:\/\/i0.wp.com\/wp.ufpel.edu.br\/ppgs\/files\/2016\/03\/evento.jpg?fit=400%2C243&amp;ssl=1\" data-large-file=\"https:\/\/i0.wp.com\/wp.ufpel.edu.br\/ppgs\/files\/2016\/03\/evento.jpg?fit=650%2C220&amp;ssl=1\" class=\"size-full wp-image-1439 aligncenter\" src=\"https:\/\/i0.wp.com\/wp.ufpel.edu.br\/ppgs\/files\/2016\/03\/evento.jpg?resize=650%2C396&#038;ssl=1\" alt=\"evento\" width=\"650\" height=\"396\" srcset=\"https:\/\/i0.wp.com\/wp.ufpel.edu.br\/ppgs\/files\/2016\/03\/evento.jpg?w=650&amp;ssl=1 650w, https:\/\/i0.wp.com\/wp.ufpel.edu.br\/ppgs\/files\/2016\/03\/evento.jpg?resize=212%2C129&amp;ssl=1 212w, https:\/\/i0.wp.com\/wp.ufpel.edu.br\/ppgs\/files\/2016\/03\/evento.jpg?resize=424%2C258&amp;ssl=1 424w\" sizes=\"(max-width: 650px) 100vw, 650px\" \/><\/a><\/p>\n","protected":false},"excerpt":{"rendered":"<p>O PPG Sociologia divulga o 1\u00ba Semin\u00e1rio Nacional de Desenvolvimento Regional: Sustentabilidade socioecon\u00f4mica e ambiental no contexto regional, que acontece nessa semana nas Faculdades Integradas de Taquara. Mais informa\u00e7\u00f5es no site do evento. &nbsp;<\/p>\n","protected":false},"author":396,"featured_media":0,"comment_status":"closed","ping_status":"closed","sticky":false,"template":"","format":"standard","meta":{"jetpack_post_was_ever_published":false,"_jetpack_newsletter_access":"","_jetpack_dont_email_post_to_subs":false,"_jetpack_newsletter_tier_id":0,"_jetpack_memberships_contains_paywalled_content":false,"_jetpack_memberships_contains_paid_content":false,"footnotes":"","jetpack_publicize_message":"","jetpack_publicize_feature_enabled":true,"jetpack_social_post_already_shared":false,"jetpack_social_options":{"image_generator_settings":{"template":"highway","default_image_id":0,"font":"","enabled":false},"version":2}},"categories":[18],"tags":[],"class_list":["post-1437","post","type-post","status-publish","format-standard","hentry","category-sem-categoria"],"jetpack_publicize_connections":[],"jetpack_featured_media_url":"","jetpack_sharing_enabled":true,"jetpack_shortlink":"https:\/\/wp.me\/p9dZ0f-nb","jetpack_likes_enabled":true,"jetpack-related-posts":[],"_links":{"self":[{"href":"https:\/\/wp.ufpel.edu.br\/ppgs\/wp-json\/wp\/v2\/posts\/1437","targetHints":{"allow":["GET"]}}],"collection":[{"href":"https:\/\/wp.ufpel.edu.br\/ppgs\/wp-json\/wp\/v2\/posts"}],"about":[{"href":"https:\/\/wp.ufpel.edu.br\/ppgs\/wp-json\/wp\/v2\/types\/post"}],"author":[{"embeddable":true,"href":"https:\/\/wp.ufpel.edu.br\/ppgs\/wp-json\/wp\/v2\/users\/396"}],"replies":[{"embeddable":true,"href":"https:\/\/wp.ufpel.edu.br\/ppgs\/wp-json\/wp\/v2\/comments?post=1437"}],"version-history":[{"count":2,"href":"https:\/\/wp.ufpel.edu.br\/ppgs\/wp-json\/wp\/v2\/posts\/1437\/revisions"}],"predecessor-version":[{"id":1441,"href":"https:\/\/wp.ufpel.edu.br\/ppgs\/wp-json\/wp\/v2\/posts\/1437\/revisions\/1441"}],"wp:attachment":[{"href":"https:\/\/wp.ufpel.edu.br\/ppgs\/wp-json\/wp\/v2\/media?parent=1437"}],"wp:term":[{"taxonomy":"category","embeddable":true,"href":"https:\/\/wp.ufpel.edu.br\/ppgs\/wp-json\/wp\/v2\/categories?post=1437"},{"taxonomy":"post_tag","embeddable":true,"href":"https:\/\/wp.ufpel.edu.br\/ppgs\/wp-json\/wp\/v2\/tags?post=1437"}],"curies":[{"name":"wp","href":"https:\/\/api.w.org\/{rel}","templated":true}]}}