{"id":1296,"date":"2016-03-01T14:59:25","date_gmt":"2016-03-01T17:59:25","guid":{"rendered":"https:\/\/wp.ufpel.edu.br\/ppgs\/?p=1296"},"modified":"2016-03-01T14:59:25","modified_gmt":"2016-03-01T17:59:25","slug":"palestra-subjetividades-corporificadas-ensaiando-novas-formas-de-pensar-e-pesquisar-com-miriam-adelman-ufpr","status":"publish","type":"post","link":"https:\/\/wp.ufpel.edu.br\/ppgs\/2016\/03\/01\/palestra-subjetividades-corporificadas-ensaiando-novas-formas-de-pensar-e-pesquisar-com-miriam-adelman-ufpr\/","title":{"rendered":"Palestra &#8220;Subjetividades corporificadas: ensaiando novas formas de pensar e pesquisar&#8221; com Miriam Adelman (UFPR)"},"content":{"rendered":"<p>Iniciando as programa\u00e7\u00f5es acad\u00eamicas do ano de 2016, o Programa de P\u00f3s-Gradua\u00e7\u00e3o em Sociologia da UFPel, em parceria com \u00a0o N\u00facleo INTERSECCIONALIDADES de pesquisa em g\u00eanero, ra\u00e7a e sexualidade, convida a tod@s \u00e0 palestra SUBJETIVIDADES CORPORIFICADAS: ENSAIANDO NOVAS FORMAS DE PENSAR E PESQUISAR da professora Dra. Miriam Adelman.<br \/>\nMiriam \u00e9 professora dos programas de p\u00f3s-gradua\u00e7\u00e3o em Sociologia e Letras da UFPR, com mestrado em Sociologia pela New York University, doutorado pela UFSC e p\u00f3s-doutorado pela Universitat de Barcelona. \u00c9 uma refer\u00eancia da academia brasileira na \u00e1rea dos estudos feministas contempor\u00e2neos cuja produ\u00e7\u00e3o abrange uma diversidade de temas, dentre eles: cultura e estudos midi\u00e1ticos, teoria feminista e sociologia e subjetividades e corporalidades, com o foco atual nas rela\u00e7\u00f5es e representa\u00e7\u00f5es de g\u00eanero e pr\u00e1ticas de esporte e lazer equestres.<\/p>\n<p><a href=\"https:\/\/i0.wp.com\/wp.ufpel.edu.br\/ppgs\/files\/2016\/03\/Miriam-4.jpg?ssl=1\" rel=\"attachment wp-att-1298\"><img data-recalc-dims=\"1\" data-attachment-id=\"1298\" data-permalink=\"https:\/\/wp.ufpel.edu.br\/ppgs\/2016\/03\/01\/palestra-subjetividades-corporificadas-ensaiando-novas-formas-de-pensar-e-pesquisar-com-miriam-adelman-ufpr\/miriam-4\/\" data-orig-file=\"https:\/\/i0.wp.com\/wp.ufpel.edu.br\/ppgs\/files\/2016\/03\/Miriam-4.jpg?fit=960%2C720&amp;ssl=1\" data-orig-size=\"960,720\" data-comments-opened=\"0\" data-image-meta=\"{&quot;aperture&quot;:&quot;0&quot;,&quot;credit&quot;:&quot;&quot;,&quot;camera&quot;:&quot;&quot;,&quot;caption&quot;:&quot;&quot;,&quot;created_timestamp&quot;:&quot;0&quot;,&quot;copyright&quot;:&quot;&quot;,&quot;focal_length&quot;:&quot;0&quot;,&quot;iso&quot;:&quot;0&quot;,&quot;shutter_speed&quot;:&quot;0&quot;,&quot;title&quot;:&quot;&quot;,&quot;orientation&quot;:&quot;0&quot;}\" data-image-title=\"Miriam 4\" data-image-description=\"\" data-image-caption=\"\" data-medium-file=\"https:\/\/i0.wp.com\/wp.ufpel.edu.br\/ppgs\/files\/2016\/03\/Miriam-4.jpg?fit=400%2C300&amp;ssl=1\" data-large-file=\"https:\/\/i0.wp.com\/wp.ufpel.edu.br\/ppgs\/files\/2016\/03\/Miriam-4.jpg?fit=960%2C220&amp;ssl=1\" class=\"alignright size-full wp-image-1298\" src=\"https:\/\/i0.wp.com\/wp.ufpel.edu.br\/ppgs\/files\/2016\/03\/Miriam-4.jpg?resize=960%2C720&#038;ssl=1\" alt=\"Miriam 4\" width=\"960\" height=\"720\" srcset=\"https:\/\/i0.wp.com\/wp.ufpel.edu.br\/ppgs\/files\/2016\/03\/Miriam-4.jpg?w=960&amp;ssl=1 960w, https:\/\/i0.wp.com\/wp.ufpel.edu.br\/ppgs\/files\/2016\/03\/Miriam-4.jpg?resize=212%2C159&amp;ssl=1 212w, https:\/\/i0.wp.com\/wp.ufpel.edu.br\/ppgs\/files\/2016\/03\/Miriam-4.jpg?resize=424%2C318&amp;ssl=1 424w, https:\/\/i0.wp.com\/wp.ufpel.edu.br\/ppgs\/files\/2016\/03\/Miriam-4.jpg?resize=768%2C576&amp;ssl=1 768w\" sizes=\"(max-width: 960px) 100vw, 960px\" \/><\/a><\/p>\n<p>&nbsp;<\/p>\n<p>&nbsp;<\/p>\n<p>&nbsp;<\/p>\n<p>&nbsp;<\/p>\n<p>&nbsp;<\/p>\n<p>&nbsp;<\/p>\n","protected":false},"excerpt":{"rendered":"<p>Iniciando as programa\u00e7\u00f5es acad\u00eamicas do ano de 2016, o Programa de P\u00f3s-Gradua\u00e7\u00e3o em Sociologia da UFPel, em parceria com \u00a0o N\u00facleo INTERSECCIONALIDADES de pesquisa em g\u00eanero, ra\u00e7a e sexualidade, convida a tod@s \u00e0 palestra SUBJETIVIDADES CORPORIFICADAS: ENSAIANDO NOVAS FORMAS DE PENSAR E PESQUISAR da professora Dra. Miriam Adelman. Miriam \u00e9 professora dos programas de p\u00f3s-gradua\u00e7\u00e3o [&hellip;]<\/p>\n","protected":false},"author":396,"featured_media":0,"comment_status":"closed","ping_status":"closed","sticky":false,"template":"","format":"standard","meta":{"jetpack_post_was_ever_published":false,"_jetpack_newsletter_access":"","_jetpack_dont_email_post_to_subs":false,"_jetpack_newsletter_tier_id":0,"_jetpack_memberships_contains_paywalled_content":false,"_jetpack_memberships_contains_paid_content":false,"footnotes":"","jetpack_publicize_message":"","jetpack_publicize_feature_enabled":true,"jetpack_social_post_already_shared":false,"jetpack_social_options":{"image_generator_settings":{"template":"highway","default_image_id":0,"font":"","enabled":false},"version":2}},"categories":[18],"tags":[],"class_list":["post-1296","post","type-post","status-publish","format-standard","hentry","category-sem-categoria"],"jetpack_publicize_connections":[],"jetpack_featured_media_url":"","jetpack_sharing_enabled":true,"jetpack_shortlink":"https:\/\/wp.me\/p9dZ0f-kU","jetpack_likes_enabled":true,"jetpack-related-posts":[],"_links":{"self":[{"href":"https:\/\/wp.ufpel.edu.br\/ppgs\/wp-json\/wp\/v2\/posts\/1296","targetHints":{"allow":["GET"]}}],"collection":[{"href":"https:\/\/wp.ufpel.edu.br\/ppgs\/wp-json\/wp\/v2\/posts"}],"about":[{"href":"https:\/\/wp.ufpel.edu.br\/ppgs\/wp-json\/wp\/v2\/types\/post"}],"author":[{"embeddable":true,"href":"https:\/\/wp.ufpel.edu.br\/ppgs\/wp-json\/wp\/v2\/users\/396"}],"replies":[{"embeddable":true,"href":"https:\/\/wp.ufpel.edu.br\/ppgs\/wp-json\/wp\/v2\/comments?post=1296"}],"version-history":[{"count":1,"href":"https:\/\/wp.ufpel.edu.br\/ppgs\/wp-json\/wp\/v2\/posts\/1296\/revisions"}],"predecessor-version":[{"id":1299,"href":"https:\/\/wp.ufpel.edu.br\/ppgs\/wp-json\/wp\/v2\/posts\/1296\/revisions\/1299"}],"wp:attachment":[{"href":"https:\/\/wp.ufpel.edu.br\/ppgs\/wp-json\/wp\/v2\/media?parent=1296"}],"wp:term":[{"taxonomy":"category","embeddable":true,"href":"https:\/\/wp.ufpel.edu.br\/ppgs\/wp-json\/wp\/v2\/categories?post=1296"},{"taxonomy":"post_tag","embeddable":true,"href":"https:\/\/wp.ufpel.edu.br\/ppgs\/wp-json\/wp\/v2\/tags?post=1296"}],"curies":[{"name":"wp","href":"https:\/\/api.w.org\/{rel}","templated":true}]}}