{"id":11030,"date":"2026-04-28T16:30:49","date_gmt":"2026-04-28T19:30:49","guid":{"rendered":"https:\/\/wp.ufpel.edu.br\/ppgs\/?p=11030"},"modified":"2026-04-28T16:40:48","modified_gmt":"2026-04-28T19:40:48","slug":"prof-william-convida-para-o-gt29-na-50o-anpocs","status":"publish","type":"post","link":"https:\/\/wp.ufpel.edu.br\/ppgs\/2026\/04\/28\/prof-william-convida-para-o-gt29-na-50o-anpocs\/","title":{"rendered":"Prof. William Soto convida ao GT29 na 50\u00ba ANPOCS"},"content":{"rendered":"<p><img data-recalc-dims=\"1\" class=\"alignright\" src=\"https:\/\/i0.wp.com\/anpocs.org.br\/wp-content\/uploads\/2026\/03\/anpocs-50-card-1080x1080px-6.png?resize=369%2C369&#038;ssl=1\" width=\"369\" height=\"369\" \/><\/p>\n<h4 class=\"topo-titulo font-weight-bold\">50\u00ba Encontro Anual da <strong>Associa\u00e7\u00e3o Nacional de P\u00f3s-Gradua\u00e7\u00e3o e Pesquisa em Ci\u00eancias Sociais (ANPOCS)<\/strong>.<\/h4>\n<p>O Encontro ter\u00e1 como formatos b\u00e1sicos de organiza\u00e7\u00e3o Grupos de Trabalho (GTs); Simp\u00f3sios de Pesquisas P\u00f3s-Graduadas (SPGs); Pain\u00e9is Virtuais (PVs) Mesas-Redondas (MRs); Programa\u00e7\u00e3o de Imagem e Som e outras atividades de iniciativa do Comit\u00ea Acad\u00eamico e do Conselho Diretivo. As atividades ser\u00e3o realizadas em formato h\u00edbrido, sendo virtual entre os dias <strong>30 de setembro<\/strong> e <strong>02 de outubro<\/strong>, e presencial na Unicamp (Campinas &#8211; SP) entre <strong>07<\/strong> e <strong>09 de outubro de 2026<\/strong>.<\/p>\n<p>Para melhores informa\u00e7\u00f5es, acesso o link oficial: <a href=\"https:\/\/www.encontro2026.anpocs.org.br\/\">https:\/\/www.encontro2026.anpocs.org.br\/<\/a><\/p>\n<h4 class=\"topo-titulo font-weight-bold\"><strong>GT29: <\/strong><strong>Ritmos urbanos e resist\u00eancias, das margens ao centro: di\u00e1logos para uma sociologia do cotidiano.<\/strong><\/h4>\n<div class=\"ml-3\">\n<div class=\"txtConteudo\"><strong><span style=\"text-align: justify;\">Coordena\u00e7\u00e3o: <\/span><\/strong>Barby de Bittencourt Martins (UNIR), William H\u00e9ctor G\u00f3mez Soto (Ufpel)<\/div>\n<\/div>\n<div class=\"mt-3 mb-3 text-justify\">\n<p><b>Descri\u00e7\u00e3o:<\/b><\/p>\n<div>Esta proposta de Grupo de trabalho visa constituir uma rede colaborativa de pesquisadores interessados em promover um di\u00e1logo cr\u00edtico e interdisciplinar com a obra de Henri Lefebvre, enfatizando seus conceitos de ritmoan\u00e1lise, espa\u00e7o vivido e vida cotidiana, em articula\u00e7\u00e3o com contribui\u00e7\u00f5es te\u00f3ricas contempor\u00e2neas, como as de Michel de Certeau, Michel Maffesoli, Doreen Massey, AbdouMaliq Simone e outros. A partir de tr\u00eas eixos centrais, buscamos compreender as contradi\u00e7\u00f5es do urbano brasileiro e contribuir para consolidar uma sociologia do cotidiano com uma perspectiva epistemol\u00f3gica que privilegia o ordin\u00e1rio, o conhecimento comum, aquele \u00e0s margens de nossa sociedade. Temporalidades e produ\u00e7\u00e3o do espa\u00e7o; corpos, afetos e resist\u00eancias e; margens e ritmos alternativos representam esses eixos. Num cen\u00e1rio em que os detentores dos meios de produ\u00e7\u00e3o de tecnologia est\u00e3o alinhados com o poder pol\u00edtico e econ\u00f4mico dominante, onde existe a sensa\u00e7\u00e3o de impot\u00eancia frente ao crescente dom\u00ednio das IAs e ao ritmo que essas novas tecnologias t\u00eam dado ao nosso cotidiano, entendemos que essas dimens\u00f5es possibilitam discutir processos de resist\u00eancias e (res)significa\u00e7\u00f5es presentes neste contexto.<\/div>\n<\/div>\n","protected":false},"excerpt":{"rendered":"<p>50\u00ba Encontro Anual da Associa\u00e7\u00e3o Nacional de P\u00f3s-Gradua\u00e7\u00e3o e Pesquisa em Ci\u00eancias Sociais (ANPOCS). O Encontro ter\u00e1 como formatos b\u00e1sicos de organiza\u00e7\u00e3o Grupos de Trabalho (GTs); Simp\u00f3sios de Pesquisas P\u00f3s-Graduadas (SPGs); Pain\u00e9is Virtuais (PVs) Mesas-Redondas (MRs); Programa\u00e7\u00e3o de Imagem e Som e outras atividades de iniciativa do Comit\u00ea Acad\u00eamico e do Conselho Diretivo. As atividades [&hellip;]<\/p>\n","protected":false},"author":1487,"featured_media":0,"comment_status":"closed","ping_status":"closed","sticky":false,"template":"","format":"standard","meta":{"jetpack_post_was_ever_published":false,"_jetpack_newsletter_access":"","_jetpack_dont_email_post_to_subs":false,"_jetpack_newsletter_tier_id":0,"_jetpack_memberships_contains_paywalled_content":false,"_jetpack_memberships_contains_paid_content":false,"footnotes":"","jetpack_publicize_message":"","jetpack_publicize_feature_enabled":true,"jetpack_social_post_already_shared":true,"jetpack_social_options":{"image_generator_settings":{"template":"highway","default_image_id":0,"font":"","enabled":false},"version":2}},"categories":[73191],"tags":[],"class_list":["post-11030","post","type-post","status-publish","format-standard","hentry","category-noticias"],"jetpack_publicize_connections":[],"jetpack_featured_media_url":"","jetpack_sharing_enabled":true,"jetpack_shortlink":"https:\/\/wp.me\/p9dZ0f-2RU","jetpack_likes_enabled":true,"jetpack-related-posts":[],"_links":{"self":[{"href":"https:\/\/wp.ufpel.edu.br\/ppgs\/wp-json\/wp\/v2\/posts\/11030","targetHints":{"allow":["GET"]}}],"collection":[{"href":"https:\/\/wp.ufpel.edu.br\/ppgs\/wp-json\/wp\/v2\/posts"}],"about":[{"href":"https:\/\/wp.ufpel.edu.br\/ppgs\/wp-json\/wp\/v2\/types\/post"}],"author":[{"embeddable":true,"href":"https:\/\/wp.ufpel.edu.br\/ppgs\/wp-json\/wp\/v2\/users\/1487"}],"replies":[{"embeddable":true,"href":"https:\/\/wp.ufpel.edu.br\/ppgs\/wp-json\/wp\/v2\/comments?post=11030"}],"version-history":[{"count":3,"href":"https:\/\/wp.ufpel.edu.br\/ppgs\/wp-json\/wp\/v2\/posts\/11030\/revisions"}],"predecessor-version":[{"id":11046,"href":"https:\/\/wp.ufpel.edu.br\/ppgs\/wp-json\/wp\/v2\/posts\/11030\/revisions\/11046"}],"wp:attachment":[{"href":"https:\/\/wp.ufpel.edu.br\/ppgs\/wp-json\/wp\/v2\/media?parent=11030"}],"wp:term":[{"taxonomy":"category","embeddable":true,"href":"https:\/\/wp.ufpel.edu.br\/ppgs\/wp-json\/wp\/v2\/categories?post=11030"},{"taxonomy":"post_tag","embeddable":true,"href":"https:\/\/wp.ufpel.edu.br\/ppgs\/wp-json\/wp\/v2\/tags?post=11030"}],"curies":[{"name":"wp","href":"https:\/\/api.w.org\/{rel}","templated":true}]}}