{"id":10757,"date":"2026-02-10T21:19:50","date_gmt":"2026-02-11T00:19:50","guid":{"rendered":"https:\/\/wp.ufpel.edu.br\/ppgs\/?p=10757"},"modified":"2026-04-20T12:16:12","modified_gmt":"2026-04-20T15:16:12","slug":"resultado-final-do-edital-240-2025-pdse-capes","status":"publish","type":"post","link":"https:\/\/wp.ufpel.edu.br\/ppgs\/2026\/02\/10\/resultado-final-do-edital-240-2025-pdse-capes\/","title":{"rendered":"Resultado final do Edital 240\/2025 \u2013 PDSE\/CAPES"},"content":{"rendered":"<p style=\"text-align: justify;\">O Programa de P\u00f3s-Gradua\u00e7\u00e3o em Sociologia (PPGS) torna p\u00fablico o <strong>resultado final<\/strong> do processo seletivo referente ao Edital 240\/2025 \u2013 PDSE\/CAPES, ap\u00f3s avalia\u00e7\u00e3o realizada pela Comiss\u00e3o de Bolsas do Programa.<\/p>\n<p>A seguir, apresenta-se a classifica\u00e7\u00e3o final, conforme as pontua\u00e7\u00f5es atribu\u00eddas pela Comiss\u00e3o:<\/p>\n<table data-zoom=\"1\">\n<tbody>\n<tr>\n<td class=\"\" style=\"width: 587px;\" colspan=\"5\" width=\"566\"><strong>SELECIONADO<\/strong><\/td>\n<\/tr>\n<tr>\n<td class=\"\" style=\"width: 145px;\" width=\"141\"><strong>Nome<\/strong><\/td>\n<td class=\"\" style=\"width: 112px;\" width=\"88\"><strong>Pontua\u00e7\u00e3o curr\u00edculo<\/strong><\/td>\n<td class=\"\" style=\"width: 138px;\" width=\"130\"><strong>Pontua\u00e7\u00e3o Plano de pesquisa<\/strong><\/td>\n<td class=\"\" style=\"width: 115px;\" width=\"123\"><strong>Pontua\u00e7\u00e3o Qualifica\u00e7\u00e3o<\/strong><\/td>\n<td class=\"\" style=\"width: 77px;\" width=\"85\"><strong>Total<\/strong><\/td>\n<\/tr>\n<tr>\n<td class=\"\" style=\"width: 145px;\" width=\"141\"><strong>Umaro Seidi<\/strong><\/td>\n<td class=\"\" style=\"width: 112px;\" width=\"88\">5.0<\/td>\n<td class=\"\" style=\"width: 138px;\" width=\"130\">3.9<\/td>\n<td class=\"\" style=\"width: 115px;\" width=\"123\">0<\/td>\n<td class=\"\" style=\"width: 77px;\" width=\"85\"><strong>8.9<\/strong><\/td>\n<\/tr>\n<\/tbody>\n<\/table>\n<table data-zoom=\"1\">\n<tbody>\n<tr>\n<td class=\"\" style=\"width: 587px;\" colspan=\"5\" width=\"566\"><strong>SUPLENTES<\/strong><\/td>\n<\/tr>\n<tr>\n<td class=\"\" style=\"width: 145px;\" width=\"141\"><strong>Nome<\/strong><\/td>\n<td class=\"\" style=\"width: 108px;\" width=\"88\"><strong>Pontua\u00e7\u00e3o curr\u00edculo<\/strong><\/td>\n<td class=\"\" style=\"width: 139px;\" width=\"130\"><strong>Pontua\u00e7\u00e3o Plano de pesquisa<\/strong><\/td>\n<td class=\"\" style=\"width: 119px;\" width=\"123\"><strong>Pontua\u00e7\u00e3o Qualifica\u00e7\u00e3o<\/strong><\/td>\n<td class=\"\" style=\"width: 76px;\" width=\"85\"><strong>Total<\/strong><\/td>\n<\/tr>\n<tr>\n<td class=\"\" style=\"width: 145px;\" width=\"141\"><strong>Diego Queiroz<\/strong><\/td>\n<td class=\"\" style=\"width: 108px;\" width=\"88\">2.5<\/td>\n<td class=\"\" style=\"width: 139px;\" width=\"130\">3.56<\/td>\n<td class=\"\" style=\"width: 119px;\" width=\"123\">0<\/td>\n<td class=\"\" style=\"width: 76px;\" width=\"85\"><strong>6.06<\/strong><\/td>\n<\/tr>\n<tr>\n<td class=\"\" style=\"width: 145px;\" width=\"141\"><strong>Eduarda Wiedemann<\/strong><\/td>\n<td class=\"\" style=\"width: 108px;\" width=\"88\">1.25<\/td>\n<td class=\"\" style=\"width: 139px;\" width=\"130\">3.5<\/td>\n<td class=\"\" style=\"width: 119px;\" width=\"123\">0<\/td>\n<td class=\"\" style=\"width: 76px;\" width=\"85\"><strong>4.75<\/strong><\/td>\n<\/tr>\n<tr>\n<td class=\"\" style=\"width: 145px;\" width=\"141\"><strong>Luciane Almeida<\/strong><\/td>\n<td class=\"\" style=\"width: 108px;\" width=\"88\">0<\/td>\n<td class=\"\" style=\"width: 139px;\" width=\"130\">3.13<\/td>\n<td class=\"\" style=\"width: 119px;\" width=\"123\">0<\/td>\n<td class=\"\" style=\"width: 76px;\" width=\"85\"><strong>3.13<\/strong><\/td>\n<\/tr>\n<\/tbody>\n<\/table>\n<p><\/p>\n","protected":false},"excerpt":{"rendered":"<p>O Programa de P\u00f3s-Gradua\u00e7\u00e3o em Sociologia (PPGS) torna p\u00fablico o resultado final do processo seletivo referente ao Edital 240\/2025 \u2013 PDSE\/CAPES, ap\u00f3s avalia\u00e7\u00e3o realizada pela Comiss\u00e3o de Bolsas do Programa. A seguir, apresenta-se a classifica\u00e7\u00e3o final, conforme as pontua\u00e7\u00f5es atribu\u00eddas pela Comiss\u00e3o: SELECIONADO Nome Pontua\u00e7\u00e3o curr\u00edculo Pontua\u00e7\u00e3o Plano de pesquisa Pontua\u00e7\u00e3o Qualifica\u00e7\u00e3o Total Umaro Seidi [&hellip;]<\/p>\n","protected":false},"author":1486,"featured_media":0,"comment_status":"closed","ping_status":"closed","sticky":false,"template":"","format":"standard","meta":{"jetpack_post_was_ever_published":false,"_jetpack_newsletter_access":"","_jetpack_dont_email_post_to_subs":false,"_jetpack_newsletter_tier_id":0,"_jetpack_memberships_contains_paywalled_content":false,"_jetpack_memberships_contains_paid_content":false,"footnotes":"","jetpack_publicize_message":"","jetpack_publicize_feature_enabled":true,"jetpack_social_post_already_shared":true,"jetpack_social_options":{"image_generator_settings":{"template":"highway","default_image_id":0,"font":"","enabled":false},"version":2}},"categories":[73173],"tags":[],"class_list":["post-10757","post","type-post","status-publish","format-standard","hentry","category-editais"],"jetpack_publicize_connections":[],"jetpack_featured_media_url":"","jetpack_sharing_enabled":true,"jetpack_shortlink":"https:\/\/wp.me\/p9dZ0f-2Nv","jetpack_likes_enabled":true,"jetpack-related-posts":[],"_links":{"self":[{"href":"https:\/\/wp.ufpel.edu.br\/ppgs\/wp-json\/wp\/v2\/posts\/10757","targetHints":{"allow":["GET"]}}],"collection":[{"href":"https:\/\/wp.ufpel.edu.br\/ppgs\/wp-json\/wp\/v2\/posts"}],"about":[{"href":"https:\/\/wp.ufpel.edu.br\/ppgs\/wp-json\/wp\/v2\/types\/post"}],"author":[{"embeddable":true,"href":"https:\/\/wp.ufpel.edu.br\/ppgs\/wp-json\/wp\/v2\/users\/1486"}],"replies":[{"embeddable":true,"href":"https:\/\/wp.ufpel.edu.br\/ppgs\/wp-json\/wp\/v2\/comments?post=10757"}],"version-history":[{"count":3,"href":"https:\/\/wp.ufpel.edu.br\/ppgs\/wp-json\/wp\/v2\/posts\/10757\/revisions"}],"predecessor-version":[{"id":10765,"href":"https:\/\/wp.ufpel.edu.br\/ppgs\/wp-json\/wp\/v2\/posts\/10757\/revisions\/10765"}],"wp:attachment":[{"href":"https:\/\/wp.ufpel.edu.br\/ppgs\/wp-json\/wp\/v2\/media?parent=10757"}],"wp:term":[{"taxonomy":"category","embeddable":true,"href":"https:\/\/wp.ufpel.edu.br\/ppgs\/wp-json\/wp\/v2\/categories?post=10757"},{"taxonomy":"post_tag","embeddable":true,"href":"https:\/\/wp.ufpel.edu.br\/ppgs\/wp-json\/wp\/v2\/tags?post=10757"}],"curies":[{"name":"wp","href":"https:\/\/api.w.org\/{rel}","templated":true}]}}