{"id":10721,"date":"2025-08-15T14:58:07","date_gmt":"2025-08-15T17:58:07","guid":{"rendered":"https:\/\/wp.ufpel.edu.br\/ppgs\/?p=10721"},"modified":"2026-02-04T15:02:21","modified_gmt":"2026-02-04T18:02:21","slug":"calendario-academico-2025-2","status":"publish","type":"post","link":"https:\/\/wp.ufpel.edu.br\/ppgs\/2025\/08\/15\/calendario-academico-2025-2\/","title":{"rendered":"Calend\u00e1rio acad\u00eamico 2025\/2"},"content":{"rendered":"<h3>CALEND\u00c1RIO ACAD\u00caMICO 2025\/2 \u2013 PPG SOCIOLOGIA \/ UFPEL<\/h3>\n<p><strong>In\u00edcio das aulas:<\/strong> 15 de setembro de 2025<br \/>\n<strong>1\u00aa parte:<\/strong> de 15 de setembro a 19 de dezembro de 2025<br \/>\n<strong>Recesso:<\/strong> de 22 de dezembro de 2025 a 02 de fevereiro de 2026<br \/>\n<strong>2\u00aa parte:<\/strong> de 03 a 28 de fevereiro de 2026<\/p>\n<hr \/>\n<h3>MATR\u00cdCULA \u2013 ALUNOS REGULARES (MESTRADO E DOUTORADO)<\/h3>\n<p>Todos os <strong>DISCENTES<\/strong> (Turmas Mestrado 2024 \/ 2025 e Doutorado 2022 \/ 2023 \/ 2024 \/ 2025)<br \/>\ndo PPG Sociologia dever\u00e3o realizar a matr\u00edcula no calend\u00e1rio <strong>2\/2025<\/strong><br \/>\nnos dias <strong>25 e 26 de agosto de 2025<\/strong> (at\u00e9 \u00e0s <strong>17h<\/strong>).<\/p>\n<h4>Como realizar a matr\u00edcula:<\/h4>\n<ol>\n<li>Acessar conta pessoal no <strong>COBALTO<\/strong>.<\/li>\n<li>No menu do lado esquerdo, clicar em <strong>Aluno &gt; Cadastro &gt; Solicita\u00e7\u00e3o de matr\u00edcula p\u00f3s<\/strong>.<\/li>\n<li>Ao clicar, aparecer\u00e1 a lista das disciplinas referentes ao calend\u00e1rio <strong>2\/2025<\/strong>.<\/li>\n<li>O(a) discente dever\u00e1 marcar as disciplinas desejadas e submeter a escolha.<\/li>\n<\/ol>\n<p><strong>Aten\u00e7\u00e3o:<\/strong><br \/>\n<strong>SOMENTE<\/strong> as disciplinas listadas abaixo dever\u00e3o ser marcadas<br \/>\n(desconsiderar outras disciplinas que apare\u00e7am no sistema Cobalto).<\/p>\n<hr \/>\n<h3>DISCIPLINAS OBRIGAT\u00d3RIAS 2\/2025<\/h3>\n<p>Todas\/os da turma <strong>2025<\/strong> do mestrado e do doutorado devem se matricular<br \/>\nnas disciplinas obrigat\u00f3rias.<\/p>\n<div style=\"overflow-x: auto;\">\n<table>\n<thead>\n<tr>\n<th>C\u00f3digo<\/th>\n<th>Disciplina<\/th>\n<th>Cr\u00e9ditos<\/th>\n<th>Docente(s)<\/th>\n<th>Hor\u00e1rio<\/th>\n<\/tr>\n<\/thead>\n<tbody>\n<tr>\n<td>06560108<\/td>\n<td>Teoria Sociol\u00f3gica II<\/td>\n<td>4<\/td>\n<td>Carla Rech; Adriane Ferrarini; Alfredo Falero<\/td>\n<td>Quarta-feira, 14h<\/td>\n<\/tr>\n<tr>\n<td>0568104<\/td>\n<td>Semin\u00e1rio de Disserta\u00e7\u00e3o (Mestrado \u2013 Turma 2025)<\/td>\n<td>2<\/td>\n<td>Mari Cristina de Freitas Fagundes<\/td>\n<td>Ter\u00e7a-feira, 9h<\/td>\n<\/tr>\n<tr>\n<td>06560104<\/td>\n<td>Semin\u00e1rios de Tese (Doutorado \u2013 Turma 2025)<\/td>\n<td>2<\/td>\n<td>Elaine da Silveira Leite<\/td>\n<td>Sexta-feira, 14h30<\/td>\n<\/tr>\n<\/tbody>\n<\/table>\n<\/div>\n<p><em>* Para as(os) discentes do Doutorado \u2013 turma 2025 \u2013 que possuem aproveitamento registrado e aprovado,<br \/>\nn\u00e3o \u00e9 necess\u00e1rio realizar matr\u00edcula em Teoria Sociol\u00f3gica II.<\/em><\/p>\n<hr \/>\n<h3>DISCIPLINAS OPTATIVAS 2\/2025<\/h3>\n<div style=\"overflow-x: auto;\">\n<table>\n<thead>\n<tr>\n<th>C\u00f3digo<\/th>\n<th>Disciplina<\/th>\n<th>Cr\u00e9ditos<\/th>\n<th>Docente<\/th>\n<th>Hor\u00e1rio<\/th>\n<\/tr>\n<\/thead>\n<tbody>\n<tr>\n<td>06560119<\/td>\n<td>Fundamentos epistemol\u00f3gicos, onto-epistemol\u00f3gicos e ontol\u00f3gicos do \u201cNovo Movimento Te\u00f3rico\u201d (Semin\u00e1rio Avan\u00e7ado I)<\/td>\n<td>4<\/td>\n<td>Leo Peixotto<\/td>\n<td>Segunda-feira, 9h<\/td>\n<\/tr>\n<tr>\n<td>06560136<\/td>\n<td>Sociologias interacionistas e disposicionais<\/td>\n<td>4<\/td>\n<td>Pedro Robertt<\/td>\n<td>Segunda-feira, 14h30<\/td>\n<\/tr>\n<tr>\n<td>0569119<\/td>\n<td>Trabalho, g\u00eanero e cuidado (T\u00f3picos Especiais IV)<\/td>\n<td>2<\/td>\n<td>Marilis Lemos de Almeida<\/td>\n<td>Ter\u00e7a-feira, 14h<\/td>\n<\/tr>\n<tr>\n<td>0568157<\/td>\n<td>Ra\u00e7a, etnia e desigualdade social no Brasil<\/td>\n<td>4<\/td>\n<td>Marcus Vinicius Spolle<\/td>\n<td>Quinta-feira, 9h<\/td>\n<\/tr>\n<tr>\n<td>0560173<\/td>\n<td>Truques da escrita: produ\u00e7\u00e3o e interpreta\u00e7\u00e3o de textos (Semin\u00e1rio Avan\u00e7ado V)<\/td>\n<td>4<\/td>\n<td>William H\u00e9ctor Gomez Soto<\/td>\n<td>Quinta-feira, 14h<\/td>\n<\/tr>\n<\/tbody>\n<\/table>\n<\/div>\n<p><em>Obs.: As datas e hor\u00e1rios das disciplinas ainda podem sofrer altera\u00e7\u00f5es.<\/em><\/p>\n<hr \/>\n<h3>&#x26a0;&#xfe0f; ATEN\u00c7\u00c3O<\/h3>\n<ul>\n<li>Todas\/os discentes devem realizar matr\u00edcula neste semestre.<\/li>\n<li>O(A) orientador(a) deve ter ci\u00eancia das escolhas das disciplinas.<\/li>\n<li>Discentes que <strong>N\u00c3O<\/strong> forem realizar matr\u00edcula em disciplinas obrigat\u00f3rias e\/ou optativas<br \/>\ndevem enviar e-mail para <a href=\"mailto:ppgs@ufpel.edu.br\">ppgs@ufpel.edu.br<\/a><br \/>\nentre os dias <strong>25 e 26 de agosto de 2025 (at\u00e9 17h)<\/strong>, informando o desejo de matr\u00edcula em:<\/p>\n<ul>\n<li><strong>Elabora\u00e7\u00e3o de disserta\u00e7\u00e3o \u2013 c\u00f3digo 9999803<\/strong> (mestrado)<\/li>\n<li><strong>Elabora\u00e7\u00e3o de tese \u2013 c\u00f3digo 9999802<\/strong> (doutorado)<\/li>\n<\/ul>\n<\/li>\n<li>Discentes\/bolsistas que realizaram est\u00e1gio docente no semestre <strong>1\/2025<\/strong> e ainda n\u00e3o registraram<br \/>\ndever\u00e3o entrar em contato com o PPG Sociologia pelo e-mail<br \/>\n<a href=\"mailto:ppgs@ufpel.edu.br\">ppgs@ufpel.edu.br<\/a><br \/>\nentre <strong>25 e 26 de agosto (at\u00e9 17h)<\/strong>, informando:<\/p>\n<ul>\n<li>Nome da disciplina<\/li>\n<li>Dia, hor\u00e1rio e docente respons\u00e1vel<\/li>\n<li>Lista das demais disciplinas que deseja cursar<\/li>\n<\/ul>\n<\/li>\n<\/ul>\n<p><strong>27 e 28 de agosto:<\/strong> homologa\u00e7\u00e3o das matr\u00edculas pelos orientadores no Cobalto.<br \/>\n<strong>29 de agosto:<\/strong> in\u00edcio das corre\u00e7\u00f5es e aprova\u00e7\u00f5es pela coordena\u00e7\u00e3o.<\/p>\n<hr \/>\n<h3>ALUNAS\/OS ESPECIAIS 2\/2025 \u2013 PPG SOCIOLOGIA \/ UFPEL<\/h3>\n<p>As disciplinas do calend\u00e1rio <strong>2\/2025<\/strong> ser\u00e3o ofertadas <strong>presencialmente<\/strong>.<\/p>\n<ul>\n<li><strong>Inscri\u00e7\u00f5es no edital:<\/strong> 04 a 15 de agosto de 2025<\/li>\n<li><strong>Divulga\u00e7\u00e3o dos aprovados:<\/strong> a partir de 18 de agosto de 2025<\/li>\n<li><strong>Matr\u00edcula virtual:<\/strong> 27 e 28 de agosto de 2025 (at\u00e9 17h)<\/li>\n<\/ul>\n<p>Alunos regulares de outros PPGs da UFPel dever\u00e3o enviar, dentro do per\u00edodo de inscri\u00e7\u00e3o,<br \/>\no <strong>Formul\u00e1rio 02<\/strong> por e-mail para<br \/>\n<a href=\"mailto:ppgs@ufpel.edu.br\">ppgs@ufpel.edu.br<\/a>,<br \/>\nindicando curso, CPF e ci\u00eancia do orientador. N\u00e3o h\u00e1 cobran\u00e7a de taxa.<\/p>\n<p><strong>Obs.:<\/strong> No Formul\u00e1rio 02 preencher: nome completo, refer\u00eancia ao edital de aluno especial,<br \/>\ndisciplina, data e assinatura.<\/p>\n","protected":false},"excerpt":{"rendered":"<p>CALEND\u00c1RIO ACAD\u00caMICO 2025\/2 \u2013 PPG SOCIOLOGIA \/ UFPEL In\u00edcio das aulas: 15 de setembro de 2025 1\u00aa parte: de 15 de setembro a 19 de dezembro de 2025 Recesso: de 22 de dezembro de 2025 a 02 de fevereiro de 2026 2\u00aa parte: de 03 a 28 de fevereiro de 2026 MATR\u00cdCULA \u2013 ALUNOS REGULARES [&hellip;]<\/p>\n","protected":false},"author":1488,"featured_media":0,"comment_status":"closed","ping_status":"closed","sticky":false,"template":"","format":"standard","meta":{"jetpack_post_was_ever_published":false,"_jetpack_newsletter_access":"","_jetpack_dont_email_post_to_subs":false,"_jetpack_newsletter_tier_id":0,"_jetpack_memberships_contains_paywalled_content":false,"_jetpack_memberships_contains_paid_content":false,"footnotes":"","jetpack_publicize_message":"","jetpack_publicize_feature_enabled":true,"jetpack_social_post_already_shared":true,"jetpack_social_options":{"image_generator_settings":{"template":"highway","default_image_id":0,"font":"","enabled":false},"version":2}},"categories":[73191],"tags":[],"class_list":["post-10721","post","type-post","status-publish","format-standard","hentry","category-noticias"],"jetpack_publicize_connections":[],"jetpack_featured_media_url":"","jetpack_sharing_enabled":true,"jetpack_shortlink":"https:\/\/wp.me\/p9dZ0f-2MV","jetpack_likes_enabled":true,"jetpack-related-posts":[],"_links":{"self":[{"href":"https:\/\/wp.ufpel.edu.br\/ppgs\/wp-json\/wp\/v2\/posts\/10721","targetHints":{"allow":["GET"]}}],"collection":[{"href":"https:\/\/wp.ufpel.edu.br\/ppgs\/wp-json\/wp\/v2\/posts"}],"about":[{"href":"https:\/\/wp.ufpel.edu.br\/ppgs\/wp-json\/wp\/v2\/types\/post"}],"author":[{"embeddable":true,"href":"https:\/\/wp.ufpel.edu.br\/ppgs\/wp-json\/wp\/v2\/users\/1488"}],"replies":[{"embeddable":true,"href":"https:\/\/wp.ufpel.edu.br\/ppgs\/wp-json\/wp\/v2\/comments?post=10721"}],"version-history":[{"count":1,"href":"https:\/\/wp.ufpel.edu.br\/ppgs\/wp-json\/wp\/v2\/posts\/10721\/revisions"}],"predecessor-version":[{"id":10723,"href":"https:\/\/wp.ufpel.edu.br\/ppgs\/wp-json\/wp\/v2\/posts\/10721\/revisions\/10723"}],"wp:attachment":[{"href":"https:\/\/wp.ufpel.edu.br\/ppgs\/wp-json\/wp\/v2\/media?parent=10721"}],"wp:term":[{"taxonomy":"category","embeddable":true,"href":"https:\/\/wp.ufpel.edu.br\/ppgs\/wp-json\/wp\/v2\/categories?post=10721"},{"taxonomy":"post_tag","embeddable":true,"href":"https:\/\/wp.ufpel.edu.br\/ppgs\/wp-json\/wp\/v2\/tags?post=10721"}],"curies":[{"name":"wp","href":"https:\/\/api.w.org\/{rel}","templated":true}]}}