{"id":10595,"date":"2025-12-03T11:48:10","date_gmt":"2025-12-03T14:48:10","guid":{"rendered":"https:\/\/wp.ufpel.edu.br\/ppgs\/?p=10595"},"modified":"2025-12-05T18:23:17","modified_gmt":"2025-12-05T21:23:17","slug":"ppgs-ufpel-realiza-aula-magna-com-o-prof-dr-theophilos-rifiotis","status":"publish","type":"post","link":"https:\/\/wp.ufpel.edu.br\/ppgs\/2025\/12\/03\/ppgs-ufpel-realiza-aula-magna-com-o-prof-dr-theophilos-rifiotis\/","title":{"rendered":"PPGS\/UFPel realiza Aula Magna com o Prof. Dr. Theophilos Rifiotis"},"content":{"rendered":"<p>O Programa de P\u00f3s-Gradua\u00e7\u00e3o em Sociologia da Universidade Federal de Pelotas (PPGS\/UFPel) convida a comunidade acad\u00eamica para a Aula Magna <strong>\u201cElementos para uma Teoria Cr\u00edtica da Vitimiza\u00e7\u00e3o\u201d<\/strong>, que ser\u00e1 ministrada pelo <strong>Prof. Dr. Theophilos Rifiotis<\/strong>.<\/p>\n<p>O encontro ocorrer\u00e1 no dia <strong>8 de dezembro de 2025<\/strong>, \u00e0s <strong>19h<\/strong>.<\/p>\n<p>Local: Audit\u00f3rio do Campus II \u2014 Rua Almirante Barroso, 1202<\/p>\n<p>Theophilos Rifiotis \u00e9 Professor Titular do Programa de P\u00f3s-Gradua\u00e7\u00e3o em Antropologia Social da Universidade Federal de Santa Catarina (PPGAS\/UFSC) e do Programa de P\u00f3s-Gradua\u00e7\u00e3o em Antropologia Social da Universidade Federal do Rio Grande do Sul (PPGAS\/UFRGS). Atualmente, atua como professor visitante no Programa de P\u00f3s-Gradua\u00e7\u00e3o em Sociologia da Universidade Federal de Pelotas (PPGS\/UFPel).<\/p>\n<p>Rifiotis possui extensa trajet\u00f3ria acad\u00eamica e institucional. Foi vice-presidente da Associa\u00e7\u00e3o Brasileira de Pesquisadores em Cibercultura (ABCiber) entre 2008 e 2011, al\u00e9m de atuar como consultor ad hoc de institui\u00e7\u00f5es como CNPq, CAPES, FAPESP e MEC. Coordena tamb\u00e9m o Laborat\u00f3rio de Estudos das Viol\u00eancias (LEVIS) e o Grupo de Pesquisa em Ciberantropologia (GrupCiber), ambos vinculados \u00e0 UFSC.<\/p>\n<p>A Aula Magna \u00e9 gratuita e aberta ao p\u00fablico.<\/p>\n<p><a href=\"https:\/\/i0.wp.com\/wp.ufpel.edu.br\/ppgs\/files\/2025\/12\/Aula-Magna-PPGS.jpeg?ssl=1\"><img data-recalc-dims=\"1\" data-attachment-id=\"10598\" data-permalink=\"https:\/\/wp.ufpel.edu.br\/ppgs\/2025\/12\/03\/ppgs-ufpel-realiza-aula-magna-com-o-prof-dr-theophilos-rifiotis\/aula-magna-ppgs\/\" data-orig-file=\"https:\/\/i0.wp.com\/wp.ufpel.edu.br\/ppgs\/files\/2025\/12\/Aula-Magna-PPGS.jpeg?fit=1080%2C1350&amp;ssl=1\" data-orig-size=\"1080,1350\" data-comments-opened=\"0\" data-image-meta=\"{&quot;aperture&quot;:&quot;0&quot;,&quot;credit&quot;:&quot;&quot;,&quot;camera&quot;:&quot;&quot;,&quot;caption&quot;:&quot;&quot;,&quot;created_timestamp&quot;:&quot;0&quot;,&quot;copyright&quot;:&quot;&quot;,&quot;focal_length&quot;:&quot;0&quot;,&quot;iso&quot;:&quot;0&quot;,&quot;shutter_speed&quot;:&quot;0&quot;,&quot;title&quot;:&quot;&quot;,&quot;orientation&quot;:&quot;0&quot;}\" data-image-title=\"Aula Magna &amp;#8211; PPGS\" data-image-description=\"\" data-image-caption=\"\" data-medium-file=\"https:\/\/i0.wp.com\/wp.ufpel.edu.br\/ppgs\/files\/2025\/12\/Aula-Magna-PPGS.jpeg?fit=320%2C400&amp;ssl=1\" data-large-file=\"https:\/\/i0.wp.com\/wp.ufpel.edu.br\/ppgs\/files\/2025\/12\/Aula-Magna-PPGS.jpeg?fit=819%2C1024&amp;ssl=1\" class=\"alignnone size-medium wp-image-10598\" src=\"https:\/\/i0.wp.com\/wp.ufpel.edu.br\/ppgs\/files\/2025\/12\/Aula-Magna-PPGS.jpeg?resize=320%2C400&#038;ssl=1\" alt=\"\" width=\"320\" height=\"400\" srcset=\"https:\/\/i0.wp.com\/wp.ufpel.edu.br\/ppgs\/files\/2025\/12\/Aula-Magna-PPGS.jpeg?resize=320%2C400&amp;ssl=1 320w, https:\/\/i0.wp.com\/wp.ufpel.edu.br\/ppgs\/files\/2025\/12\/Aula-Magna-PPGS.jpeg?resize=819%2C1024&amp;ssl=1 819w, https:\/\/i0.wp.com\/wp.ufpel.edu.br\/ppgs\/files\/2025\/12\/Aula-Magna-PPGS.jpeg?resize=768%2C960&amp;ssl=1 768w, https:\/\/i0.wp.com\/wp.ufpel.edu.br\/ppgs\/files\/2025\/12\/Aula-Magna-PPGS.jpeg?w=1080&amp;ssl=1 1080w\" sizes=\"(max-width: 320px) 100vw, 320px\" \/><\/a><\/p>\n","protected":false},"excerpt":{"rendered":"<p>O Programa de P\u00f3s-Gradua\u00e7\u00e3o em Sociologia da Universidade Federal de Pelotas (PPGS\/UFPel) convida a comunidade acad\u00eamica para a Aula Magna \u201cElementos para uma Teoria Cr\u00edtica da Vitimiza\u00e7\u00e3o\u201d, que ser\u00e1 ministrada pelo Prof. Dr. Theophilos Rifiotis. O encontro ocorrer\u00e1 no dia 8 de dezembro de 2025, \u00e0s 19h. Local: Audit\u00f3rio do Campus II \u2014 Rua Almirante [&hellip;]<\/p>\n","protected":false},"author":1488,"featured_media":0,"comment_status":"closed","ping_status":"closed","sticky":false,"template":"","format":"standard","meta":{"jetpack_post_was_ever_published":false,"_jetpack_newsletter_access":"","_jetpack_dont_email_post_to_subs":false,"_jetpack_newsletter_tier_id":0,"_jetpack_memberships_contains_paywalled_content":false,"_jetpack_memberships_contains_paid_content":false,"footnotes":"","jetpack_publicize_message":"","jetpack_publicize_feature_enabled":true,"jetpack_social_post_already_shared":true,"jetpack_social_options":{"image_generator_settings":{"template":"highway","default_image_id":0,"font":"","enabled":false},"version":2}},"categories":[73191],"tags":[],"class_list":["post-10595","post","type-post","status-publish","format-standard","hentry","category-noticias"],"jetpack_publicize_connections":[],"jetpack_featured_media_url":"","jetpack_sharing_enabled":true,"jetpack_shortlink":"https:\/\/wp.me\/p9dZ0f-2KT","jetpack_likes_enabled":true,"jetpack-related-posts":[],"_links":{"self":[{"href":"https:\/\/wp.ufpel.edu.br\/ppgs\/wp-json\/wp\/v2\/posts\/10595","targetHints":{"allow":["GET"]}}],"collection":[{"href":"https:\/\/wp.ufpel.edu.br\/ppgs\/wp-json\/wp\/v2\/posts"}],"about":[{"href":"https:\/\/wp.ufpel.edu.br\/ppgs\/wp-json\/wp\/v2\/types\/post"}],"author":[{"embeddable":true,"href":"https:\/\/wp.ufpel.edu.br\/ppgs\/wp-json\/wp\/v2\/users\/1488"}],"replies":[{"embeddable":true,"href":"https:\/\/wp.ufpel.edu.br\/ppgs\/wp-json\/wp\/v2\/comments?post=10595"}],"version-history":[{"count":3,"href":"https:\/\/wp.ufpel.edu.br\/ppgs\/wp-json\/wp\/v2\/posts\/10595\/revisions"}],"predecessor-version":[{"id":10601,"href":"https:\/\/wp.ufpel.edu.br\/ppgs\/wp-json\/wp\/v2\/posts\/10595\/revisions\/10601"}],"wp:attachment":[{"href":"https:\/\/wp.ufpel.edu.br\/ppgs\/wp-json\/wp\/v2\/media?parent=10595"}],"wp:term":[{"taxonomy":"category","embeddable":true,"href":"https:\/\/wp.ufpel.edu.br\/ppgs\/wp-json\/wp\/v2\/categories?post=10595"},{"taxonomy":"post_tag","embeddable":true,"href":"https:\/\/wp.ufpel.edu.br\/ppgs\/wp-json\/wp\/v2\/tags?post=10595"}],"curies":[{"name":"wp","href":"https:\/\/api.w.org\/{rel}","templated":true}]}}