{"id":10295,"date":"2025-09-18T08:58:29","date_gmt":"2025-09-18T11:58:29","guid":{"rendered":"https:\/\/wp.ufpel.edu.br\/ppgs\/?p=10295"},"modified":"2026-04-20T13:29:08","modified_gmt":"2026-04-20T16:29:08","slug":"lancamento-do-livro-em-torno-da-obra-de-luc-boltanski-para-alem-da-critica-e-da-pragmatica","status":"publish","type":"post","link":"https:\/\/wp.ufpel.edu.br\/ppgs\/2025\/09\/18\/lancamento-do-livro-em-torno-da-obra-de-luc-boltanski-para-alem-da-critica-e-da-pragmatica\/","title":{"rendered":"Lan\u00e7amento do livro &#8220;Em torno da obra de Luc Boltanski: para al\u00e9m da cr\u00edtica e da pragm\u00e1tica&#8221;"},"content":{"rendered":"<p><a href=\"https:\/\/i0.wp.com\/wp.ufpel.edu.br\/ppgs\/files\/2025\/09\/Livro2025_Boltanski_capa.jpeg?ssl=1\"><img data-recalc-dims=\"1\" data-attachment-id=\"10297\" data-permalink=\"https:\/\/wp.ufpel.edu.br\/ppgs\/2025\/09\/18\/lancamento-do-livro-em-torno-da-obra-de-luc-boltanski-para-alem-da-critica-e-da-pragmatica\/livro2025_boltanski_capa\/\" data-orig-file=\"https:\/\/i0.wp.com\/wp.ufpel.edu.br\/ppgs\/files\/2025\/09\/Livro2025_Boltanski_capa.jpeg?fit=1120%2C1600&amp;ssl=1\" data-orig-size=\"1120,1600\" data-comments-opened=\"0\" data-image-meta=\"{&quot;aperture&quot;:&quot;0&quot;,&quot;credit&quot;:&quot;&quot;,&quot;camera&quot;:&quot;&quot;,&quot;caption&quot;:&quot;&quot;,&quot;created_timestamp&quot;:&quot;0&quot;,&quot;copyright&quot;:&quot;&quot;,&quot;focal_length&quot;:&quot;0&quot;,&quot;iso&quot;:&quot;0&quot;,&quot;shutter_speed&quot;:&quot;0&quot;,&quot;title&quot;:&quot;&quot;,&quot;orientation&quot;:&quot;0&quot;}\" data-image-title=\"Livro2025_Boltanski_capa\" data-image-description=\"\" data-image-caption=\"\" data-medium-file=\"https:\/\/i0.wp.com\/wp.ufpel.edu.br\/ppgs\/files\/2025\/09\/Livro2025_Boltanski_capa.jpeg?fit=280%2C400&amp;ssl=1\" data-large-file=\"https:\/\/i0.wp.com\/wp.ufpel.edu.br\/ppgs\/files\/2025\/09\/Livro2025_Boltanski_capa.jpeg?fit=717%2C1024&amp;ssl=1\" class=\"alignnone size-medium wp-image-10297\" src=\"https:\/\/i0.wp.com\/wp.ufpel.edu.br\/ppgs\/files\/2025\/09\/Livro2025_Boltanski_capa.jpeg?resize=280%2C400&#038;ssl=1\" alt=\"\" width=\"280\" height=\"400\" srcset=\"https:\/\/i0.wp.com\/wp.ufpel.edu.br\/ppgs\/files\/2025\/09\/Livro2025_Boltanski_capa.jpeg?resize=280%2C400&amp;ssl=1 280w, https:\/\/i0.wp.com\/wp.ufpel.edu.br\/ppgs\/files\/2025\/09\/Livro2025_Boltanski_capa.jpeg?resize=717%2C1024&amp;ssl=1 717w, https:\/\/i0.wp.com\/wp.ufpel.edu.br\/ppgs\/files\/2025\/09\/Livro2025_Boltanski_capa.jpeg?resize=768%2C1097&amp;ssl=1 768w, https:\/\/i0.wp.com\/wp.ufpel.edu.br\/ppgs\/files\/2025\/09\/Livro2025_Boltanski_capa.jpeg?resize=1075%2C1536&amp;ssl=1 1075w, https:\/\/i0.wp.com\/wp.ufpel.edu.br\/ppgs\/files\/2025\/09\/Livro2025_Boltanski_capa.jpeg?w=1120&amp;ssl=1 1120w\" sizes=\"(max-width: 280px) 100vw, 280px\" \/><\/a><\/p>\n<p>O livro <em>Em torno da obra de Luc Boltanski: para alem da cr\u00edtica e da pragm\u00e1tica<\/em> ser\u00e1 lan\u00e7ado pela editora Pontes, em 22 de outubro de 2025, em Campinas\/SP, durante o Encontro da ANPOCS. O volume foi organizado por Sayonara Leal (UnB), Carlos Benedito Martins (UnB), Diogo Corr\u00eaa (CEMS-EHESS) e pelo professor do PPGS-UFPel, Rodrigo Cantu.<br \/>\nReconhecido como um dos principais renovadores da teoria social contempor\u00e2nea, Boltanski destaca-se por valorizar a experi\u00eancia concreta dos atores sociais e a pluralidade moral das intera\u00e7\u00f5es, rompendo com a tradi\u00e7\u00e3o bourdieusiana e propondo uma sociologia focada na linguagem em uso e nos processos de justifica\u00e7\u00e3o. Esta colet\u00e2nea de textos traz artigos de cientistas sociais de diferentes pa\u00edses que, inspirados na sociologia boltanskiniana, expandem suas investiga\u00e7\u00f5es pautados em temas desenvolvidos pelo autor franc\u00eas, como economia capitalista, formas da cr\u00edtica, valoriza\u00e7\u00e3o p\u00f3s-industrial e fabrica\u00e7\u00e3o da atualidade. O livro visa ampliar o acesso ao p\u00fablico leitor lus\u00f3fono a esse movimento sociol\u00f3gico contempor\u00e2neo, favorecendo di\u00e1logos com abordagens nacionais p\u00f3s-coloniais em estudos de ra\u00e7a, etnia, g\u00eanero e classe.<br \/>\nMais informa\u00e7\u00f5es: <a href=\"https:\/\/ponteseditores.com.br\/loja3\/pontes-editores-home-2__trashed\/lancamento\/em-torno-da-obra-de-luc-boltanski-para-alem-da-critica-e-da-pragmatica-disponivel-a-partir-de-15-10\/\" target=\"_blank\" rel=\"noopener\" data-saferedirecturl=\"https:\/\/www.google.com\/url?q=https:\/\/ponteseditores.com.br\/loja3\/pontes-editores-home-2__trashed\/lancamento\/em-torno-da-obra-de-luc-boltanski-para-alem-da-critica-e-da-pragmatica-disponivel-a-partir-de-15-10\/&amp;source=gmail&amp;ust=1758282362206000&amp;usg=AOvVaw3WTSWp30NeDi1TJwuztq_B\">https:\/\/ponteseditores.com.br\/<wbr \/>loja3\/pontes-editores-home-2__<wbr \/>trashed\/lancamento\/em-torno-<wbr \/>da-obra-de-luc-boltanski-para-<wbr \/>alem-da-critica-e-da-<wbr \/>pragmatica-disponivel-a-<wbr \/>partir-de-15-10\/<\/a><\/p>\n<p>&nbsp;<\/p>\n","protected":false},"excerpt":{"rendered":"<p>O livro Em torno da obra de Luc Boltanski: para alem da cr\u00edtica e da pragm\u00e1tica ser\u00e1 lan\u00e7ado pela editora Pontes, em 22 de outubro de 2025, em Campinas\/SP, durante o Encontro da ANPOCS. O volume foi organizado por Sayonara Leal (UnB), Carlos Benedito Martins (UnB), Diogo Corr\u00eaa (CEMS-EHESS) e pelo professor do PPGS-UFPel, Rodrigo [&hellip;]<\/p>\n","protected":false},"author":1488,"featured_media":0,"comment_status":"closed","ping_status":"closed","sticky":false,"template":"","format":"standard","meta":{"jetpack_post_was_ever_published":false,"_jetpack_newsletter_access":"","_jetpack_dont_email_post_to_subs":false,"_jetpack_newsletter_tier_id":0,"_jetpack_memberships_contains_paywalled_content":false,"_jetpack_memberships_contains_paid_content":false,"footnotes":"","jetpack_publicize_message":"","jetpack_publicize_feature_enabled":true,"jetpack_social_post_already_shared":true,"jetpack_social_options":{"image_generator_settings":{"template":"highway","default_image_id":0,"font":"","enabled":false},"version":2}},"categories":[73215],"tags":[],"class_list":["post-10295","post","type-post","status-publish","format-standard","hentry","category-livros"],"jetpack_publicize_connections":[],"jetpack_featured_media_url":"","jetpack_sharing_enabled":true,"jetpack_shortlink":"https:\/\/wp.me\/p9dZ0f-2G3","jetpack_likes_enabled":true,"jetpack-related-posts":[],"_links":{"self":[{"href":"https:\/\/wp.ufpel.edu.br\/ppgs\/wp-json\/wp\/v2\/posts\/10295","targetHints":{"allow":["GET"]}}],"collection":[{"href":"https:\/\/wp.ufpel.edu.br\/ppgs\/wp-json\/wp\/v2\/posts"}],"about":[{"href":"https:\/\/wp.ufpel.edu.br\/ppgs\/wp-json\/wp\/v2\/types\/post"}],"author":[{"embeddable":true,"href":"https:\/\/wp.ufpel.edu.br\/ppgs\/wp-json\/wp\/v2\/users\/1488"}],"replies":[{"embeddable":true,"href":"https:\/\/wp.ufpel.edu.br\/ppgs\/wp-json\/wp\/v2\/comments?post=10295"}],"version-history":[{"count":3,"href":"https:\/\/wp.ufpel.edu.br\/ppgs\/wp-json\/wp\/v2\/posts\/10295\/revisions"}],"predecessor-version":[{"id":10378,"href":"https:\/\/wp.ufpel.edu.br\/ppgs\/wp-json\/wp\/v2\/posts\/10295\/revisions\/10378"}],"wp:attachment":[{"href":"https:\/\/wp.ufpel.edu.br\/ppgs\/wp-json\/wp\/v2\/media?parent=10295"}],"wp:term":[{"taxonomy":"category","embeddable":true,"href":"https:\/\/wp.ufpel.edu.br\/ppgs\/wp-json\/wp\/v2\/categories?post=10295"},{"taxonomy":"post_tag","embeddable":true,"href":"https:\/\/wp.ufpel.edu.br\/ppgs\/wp-json\/wp\/v2\/tags?post=10295"}],"curies":[{"name":"wp","href":"https:\/\/api.w.org\/{rel}","templated":true}]}}