{"id":10291,"date":"2025-09-12T17:37:15","date_gmt":"2025-09-12T20:37:15","guid":{"rendered":"https:\/\/wp.ufpel.edu.br\/ppgs\/?p=10291"},"modified":"2026-04-20T12:33:04","modified_gmt":"2026-04-20T15:33:04","slug":"edital-interno-sua-tese-em-3m","status":"publish","type":"post","link":"https:\/\/wp.ufpel.edu.br\/ppgs\/2025\/09\/12\/edital-interno-sua-tese-em-3m\/","title":{"rendered":"Edital Interno Sua Tese em 3M"},"content":{"rendered":"<p>O Programa de P\u00f3s-Gradua\u00e7\u00e3o em Sociologia (PPGS) da Universidade Federal de Pelotas (UFPel) torna p\u00fablico o <strong data-start=\"392\" data-end=\"410\">Edital interno<\/strong> para uma (01) vaga de discente de doutorado e egressos do doutorado anos 2024 e 2025, para participar do evento <strong data-start=\"523\" data-end=\"550\">\u201cSua Tese em 3 Minutos\u201d<\/strong>, a ser realizado durante a <strong data-start=\"578\" data-end=\"639\">Semana Integrada de Inova\u00e7\u00e3o, Ensino, Pesquisa e Extens\u00e3o<\/strong>, de 20 a 24 de outubro de 2025.<\/p>\n<p>Consulte o edital completo <strong><a href=\"https:\/\/wp.ufpel.edu.br\/ppgs\/files\/2025\/09\/EDITAL_SUA_TESE_EM_3_MINUTOS_assinado.pdf\">Aqui<\/a><\/strong>.<\/p>\n","protected":false},"excerpt":{"rendered":"<p>O Programa de P\u00f3s-Gradua\u00e7\u00e3o em Sociologia (PPGS) da Universidade Federal de Pelotas (UFPel) torna p\u00fablico o Edital interno para uma (01) vaga de discente de doutorado e egressos do doutorado anos 2024 e 2025, para participar do evento \u201cSua Tese em 3 Minutos\u201d, a ser realizado durante a Semana Integrada de Inova\u00e7\u00e3o, Ensino, Pesquisa e [&hellip;]<\/p>\n","protected":false},"author":1488,"featured_media":0,"comment_status":"closed","ping_status":"closed","sticky":false,"template":"","format":"standard","meta":{"jetpack_post_was_ever_published":false,"_jetpack_newsletter_access":"","_jetpack_dont_email_post_to_subs":false,"_jetpack_newsletter_tier_id":0,"_jetpack_memberships_contains_paywalled_content":false,"_jetpack_memberships_contains_paid_content":false,"footnotes":"","jetpack_publicize_message":"","jetpack_publicize_feature_enabled":true,"jetpack_social_post_already_shared":true,"jetpack_social_options":{"image_generator_settings":{"template":"highway","default_image_id":0,"font":"","enabled":false},"version":2}},"categories":[73173],"tags":[],"class_list":["post-10291","post","type-post","status-publish","format-standard","hentry","category-editais"],"jetpack_publicize_connections":[],"jetpack_featured_media_url":"","jetpack_sharing_enabled":true,"jetpack_shortlink":"https:\/\/wp.me\/p9dZ0f-2FZ","jetpack_likes_enabled":true,"jetpack-related-posts":[],"_links":{"self":[{"href":"https:\/\/wp.ufpel.edu.br\/ppgs\/wp-json\/wp\/v2\/posts\/10291","targetHints":{"allow":["GET"]}}],"collection":[{"href":"https:\/\/wp.ufpel.edu.br\/ppgs\/wp-json\/wp\/v2\/posts"}],"about":[{"href":"https:\/\/wp.ufpel.edu.br\/ppgs\/wp-json\/wp\/v2\/types\/post"}],"author":[{"embeddable":true,"href":"https:\/\/wp.ufpel.edu.br\/ppgs\/wp-json\/wp\/v2\/users\/1488"}],"replies":[{"embeddable":true,"href":"https:\/\/wp.ufpel.edu.br\/ppgs\/wp-json\/wp\/v2\/comments?post=10291"}],"version-history":[{"count":1,"href":"https:\/\/wp.ufpel.edu.br\/ppgs\/wp-json\/wp\/v2\/posts\/10291\/revisions"}],"predecessor-version":[{"id":10294,"href":"https:\/\/wp.ufpel.edu.br\/ppgs\/wp-json\/wp\/v2\/posts\/10291\/revisions\/10294"}],"wp:attachment":[{"href":"https:\/\/wp.ufpel.edu.br\/ppgs\/wp-json\/wp\/v2\/media?parent=10291"}],"wp:term":[{"taxonomy":"category","embeddable":true,"href":"https:\/\/wp.ufpel.edu.br\/ppgs\/wp-json\/wp\/v2\/categories?post=10291"},{"taxonomy":"post_tag","embeddable":true,"href":"https:\/\/wp.ufpel.edu.br\/ppgs\/wp-json\/wp\/v2\/tags?post=10291"}],"curies":[{"name":"wp","href":"https:\/\/api.w.org\/{rel}","templated":true}]}}