{"id":4743,"date":"2025-07-24T11:34:04","date_gmt":"2025-07-24T14:34:04","guid":{"rendered":"https:\/\/wp.ufpel.edu.br\/ppgrecursoshidricos\/?p=4743"},"modified":"2025-07-24T11:34:29","modified_gmt":"2025-07-24T14:34:29","slug":"ppgrh-ufpel-participa-da-conferencia-municipal-infantojuvenil-pelo-meio-ambiente-em-rio-grande-%f0%9f%8c%b1%f0%9f%8c%8d","status":"publish","type":"post","link":"https:\/\/wp.ufpel.edu.br\/ppgrecursoshidricos\/2025\/07\/24\/ppgrh-ufpel-participa-da-conferencia-municipal-infantojuvenil-pelo-meio-ambiente-em-rio-grande-%f0%9f%8c%b1%f0%9f%8c%8d\/","title":{"rendered":"PPGRH\/UFPel participa da Confer\u00eancia Municipal Infantojuvenil pelo Meio Ambiente em Rio Grande \ud83c\udf31\ud83c\udf0d"},"content":{"rendered":"<div dir=\"ltr\">\n<p>No dia\u00a04 de julho de 2025, o\u00a0Programa de P\u00f3s-Gradua\u00e7\u00e3o em Recursos H\u00eddricos (PPGRH\/UFPel)\u00a0esteve presente na\u00a0<strong>Confer\u00eancia Municipal Infantojuvenil pelo Meio Ambiente<\/strong>, realizada na\u00a0Escola CAIC \u2013 FURG, em Rio Grande. O PPGRH foi representado pelos discentes\u00a0Ottoni de Leon e Denise Vieira, que participaram ativamente das atividades e apresentaram o programa ao p\u00fablico.<\/p>\n<p>O evento, promovido pela <strong>Secretaria de Munic\u00edpio da Educa\u00e7\u00e3o de Rio Grande<\/strong>, reuniu\u00a0mais de 300 participantes, entre crian\u00e7as e adolescentes de\u00a05 a 15 anos, professores e delegados escolares que realizaram etapas preparat\u00f3rias em suas escolas.<\/p>\n<p>A programa\u00e7\u00e3o contou com\u00a0seis salas de plen\u00e1rias tem\u00e1ticas\u00a0para discuss\u00e3o e apresenta\u00e7\u00e3o de projetos sobre\u00a0meio ambiente e justi\u00e7a clim\u00e1tica, al\u00e9m de uma grande plen\u00e1ria final. Ao todo, foram\u00a0mais de 30 projetos escolares apresentados, com protagonismo dos estudantes na busca por solu\u00e7\u00f5es para desafios ambientais.<\/p>\n<p>O PPGRH integrou a\u00a0feirinha cient\u00edfica do evento, ao lado de institui\u00e7\u00f5es como\u00a0Defesa Civil, Corsan, Instituto Chico Mendes, Projeto Mojovem (FURG), FAMED (Microbiologia na Comunidade) e CEAMECIM (Neuroeducando, Tubar\u00f5es de Mochila e Animais Pe\u00e7onhentos).<\/p>\n<p>A confer\u00eancia foi uma\u00a0etapa n\u00e3o obrigat\u00f3ria da Confer\u00eancia Nacional pelo Meio Ambiente, promovida pelo Governo Federal. Os delegados selecionados na etapa estadual \u2014 escolhidos a partir do registro da etapa escolar \u2014 seguir\u00e3o representando o munic\u00edpio nas pr\u00f3ximas etapas.<\/p>\n<p><img class=\"an1 CToWUd\" draggable=\"false\" src=\"https:\/\/fonts.gstatic.com\/s\/e\/notoemoji\/16.0\/1f4f8\/72.png\" alt=\"\ud83d\udcf8\" width=\"22\" height=\"22\" data-emoji=\"\ud83d\udcf8\" aria-label=\"\ud83d\udcf8\" data-bit=\"iit\" \/>\u00a0Confira algumas imagens do evento abaixo!<\/p>\n<p><img class=\"wp-image-4746 alignleft\" src=\"https:\/\/wp.ufpel.edu.br\/ppgrecursoshidricos\/files\/2025\/07\/WhatsApp-Image-2025-07-23-at-14.10.06.jpeg\" alt=\"\" width=\"636\" height=\"358\" srcset=\"https:\/\/wp.ufpel.edu.br\/ppgrecursoshidricos\/files\/2025\/07\/WhatsApp-Image-2025-07-23-at-14.10.06.jpeg 1280w, https:\/\/wp.ufpel.edu.br\/ppgrecursoshidricos\/files\/2025\/07\/WhatsApp-Image-2025-07-23-at-14.10.06-400x225.jpeg 400w, https:\/\/wp.ufpel.edu.br\/ppgrecursoshidricos\/files\/2025\/07\/WhatsApp-Image-2025-07-23-at-14.10.06-1024x576.jpeg 1024w, https:\/\/wp.ufpel.edu.br\/ppgrecursoshidricos\/files\/2025\/07\/WhatsApp-Image-2025-07-23-at-14.10.06-768x432.jpeg 768w\" sizes=\"(max-width: 636px) 100vw, 636px\" \/> <img class=\"wp-image-4747 alignleft\" src=\"https:\/\/wp.ufpel.edu.br\/ppgrecursoshidricos\/files\/2025\/07\/WhatsApp-Image-2025-07-23-at-14.10.06-1.jpeg\" alt=\"\" width=\"638\" height=\"479\" srcset=\"https:\/\/wp.ufpel.edu.br\/ppgrecursoshidricos\/files\/2025\/07\/WhatsApp-Image-2025-07-23-at-14.10.06-1.jpeg 1280w, https:\/\/wp.ufpel.edu.br\/ppgrecursoshidricos\/files\/2025\/07\/WhatsApp-Image-2025-07-23-at-14.10.06-1-400x300.jpeg 400w, https:\/\/wp.ufpel.edu.br\/ppgrecursoshidricos\/files\/2025\/07\/WhatsApp-Image-2025-07-23-at-14.10.06-1-1024x768.jpeg 1024w, https:\/\/wp.ufpel.edu.br\/ppgrecursoshidricos\/files\/2025\/07\/WhatsApp-Image-2025-07-23-at-14.10.06-1-768x576.jpeg 768w\" sizes=\"(max-width: 638px) 100vw, 638px\" \/><\/p>\n<\/div>\n<div>\n<div class=\"adm\">\n<div id=\"q_95\" class=\"ajR h4\"><\/div>\n<\/div>\n<\/div>\n","protected":false},"excerpt":{"rendered":"<p>No dia\u00a04 de julho de 2025, o\u00a0Programa de P\u00f3s-Gradua\u00e7\u00e3o em Recursos H\u00eddricos (PPGRH\/UFPel)\u00a0esteve presente na\u00a0Confer\u00eancia Municipal Infantojuvenil pelo Meio Ambiente, realizada na\u00a0Escola CAIC \u2013 FURG, em Rio Grande. O PPGRH foi representado pelos discentes\u00a0Ottoni de Leon e Denise Vieira, que participaram ativamente das atividades e apresentaram o programa ao p\u00fablico. O evento, promovido pela Secretaria [&hellip;]<\/p>\n","protected":false},"author":669,"featured_media":0,"comment_status":"closed","ping_status":"closed","sticky":false,"template":"","format":"standard","meta":{"jetpack_post_was_ever_published":false,"_jetpack_newsletter_access":"","_jetpack_dont_email_post_to_subs":false,"_jetpack_newsletter_tier_id":0,"_jetpack_memberships_contains_paywalled_content":false,"_jetpack_memberships_contains_paid_content":false,"footnotes":""},"categories":[11],"tags":[],"class_list":["post-4743","post","type-post","status-publish","format-standard","hentry","category-sem-categoria-pt"],"jetpack_featured_media_url":"","jetpack_shortlink":"https:\/\/wp.me\/paj7D4-1ev","jetpack_sharing_enabled":true,"_links":{"self":[{"href":"https:\/\/wp.ufpel.edu.br\/ppgrecursoshidricos\/wp-json\/wp\/v2\/posts\/4743","targetHints":{"allow":["GET"]}}],"collection":[{"href":"https:\/\/wp.ufpel.edu.br\/ppgrecursoshidricos\/wp-json\/wp\/v2\/posts"}],"about":[{"href":"https:\/\/wp.ufpel.edu.br\/ppgrecursoshidricos\/wp-json\/wp\/v2\/types\/post"}],"author":[{"embeddable":true,"href":"https:\/\/wp.ufpel.edu.br\/ppgrecursoshidricos\/wp-json\/wp\/v2\/users\/669"}],"replies":[{"embeddable":true,"href":"https:\/\/wp.ufpel.edu.br\/ppgrecursoshidricos\/wp-json\/wp\/v2\/comments?post=4743"}],"version-history":[{"count":2,"href":"https:\/\/wp.ufpel.edu.br\/ppgrecursoshidricos\/wp-json\/wp\/v2\/posts\/4743\/revisions"}],"predecessor-version":[{"id":4749,"href":"https:\/\/wp.ufpel.edu.br\/ppgrecursoshidricos\/wp-json\/wp\/v2\/posts\/4743\/revisions\/4749"}],"wp:attachment":[{"href":"https:\/\/wp.ufpel.edu.br\/ppgrecursoshidricos\/wp-json\/wp\/v2\/media?parent=4743"}],"wp:term":[{"taxonomy":"category","embeddable":true,"href":"https:\/\/wp.ufpel.edu.br\/ppgrecursoshidricos\/wp-json\/wp\/v2\/categories?post=4743"},{"taxonomy":"post_tag","embeddable":true,"href":"https:\/\/wp.ufpel.edu.br\/ppgrecursoshidricos\/wp-json\/wp\/v2\/tags?post=4743"}],"curies":[{"name":"wp","href":"https:\/\/api.w.org\/{rel}","templated":true}]}}