{"id":3463,"date":"2022-05-19T08:41:28","date_gmt":"2022-05-19T11:41:28","guid":{"rendered":"https:\/\/wp.ufpel.edu.br\/ppgrecursoshidricos\/?p=3463"},"modified":"2022-05-19T08:41:28","modified_gmt":"2022-05-19T11:41:28","slug":"colegiado-do-ppgrh-volta-a-se-reunir-presencialmente","status":"publish","type":"post","link":"https:\/\/wp.ufpel.edu.br\/ppgrecursoshidricos\/2022\/05\/19\/colegiado-do-ppgrh-volta-a-se-reunir-presencialmente\/","title":{"rendered":"Colegiado do PPGRH volta a se reunir presencialmente"},"content":{"rendered":"<p>Ocorreu ontem, 18 de maio, a primeira reuni\u00e3o presencial do Colegiado do PPGRH ap\u00f3s 26 meses de pandemia.<\/p>\n<p><img class=\"aligncenter size-full wp-image-3465\" src=\"https:\/\/wp.ufpel.edu.br\/ppgrecursoshidricos\/files\/2022\/05\/WhatsApp-Image-2022-05-19-at-08.35.53.jpeg\" alt=\"\" width=\"1600\" height=\"1200\" srcset=\"https:\/\/wp.ufpel.edu.br\/ppgrecursoshidricos\/files\/2022\/05\/WhatsApp-Image-2022-05-19-at-08.35.53.jpeg 1600w, https:\/\/wp.ufpel.edu.br\/ppgrecursoshidricos\/files\/2022\/05\/WhatsApp-Image-2022-05-19-at-08.35.53-400x300.jpeg 400w, https:\/\/wp.ufpel.edu.br\/ppgrecursoshidricos\/files\/2022\/05\/WhatsApp-Image-2022-05-19-at-08.35.53-1024x768.jpeg 1024w, https:\/\/wp.ufpel.edu.br\/ppgrecursoshidricos\/files\/2022\/05\/WhatsApp-Image-2022-05-19-at-08.35.53-768x576.jpeg 768w, https:\/\/wp.ufpel.edu.br\/ppgrecursoshidricos\/files\/2022\/05\/WhatsApp-Image-2022-05-19-at-08.35.53-1536x1152.jpeg 1536w\" sizes=\"(max-width: 1600px) 100vw, 1600px\" \/><\/p>\n<p>Estavam presentes, da esquerda para a direita, os professores Lessandro Coll Faria, Luis Carlos Timm, Ricardo Scherer Pohndorf , Andr\u00e9 Becker Nunes, Tamara Leitzke Caldeira Beskow e Samuel Beskow, al\u00e9m da representante discente Iulli Pitone Cardoso (participa\u00e7\u00e3o remota).<\/p>\n","protected":false},"excerpt":{"rendered":"<p>Ocorreu ontem, 18 de maio, a primeira reuni\u00e3o presencial do Colegiado do PPGRH ap\u00f3s 26 meses de pandemia. Estavam presentes, da esquerda para a direita, os professores Lessandro Coll Faria, Luis Carlos Timm, Ricardo Scherer Pohndorf , Andr\u00e9 Becker Nunes, Tamara Leitzke Caldeira Beskow e Samuel Beskow, al\u00e9m da representante discente Iulli Pitone Cardoso (participa\u00e7\u00e3o [&hellip;]<\/p>\n","protected":false},"author":669,"featured_media":0,"comment_status":"closed","ping_status":"closed","sticky":false,"template":"","format":"standard","meta":{"jetpack_post_was_ever_published":false,"_jetpack_newsletter_access":"","_jetpack_dont_email_post_to_subs":false,"_jetpack_newsletter_tier_id":0,"_jetpack_memberships_contains_paywalled_content":false,"_jetpack_memberships_contains_paid_content":false,"footnotes":""},"categories":[11],"tags":[],"class_list":["post-3463","post","type-post","status-publish","format-standard","hentry","category-sem-categoria-pt"],"jetpack_featured_media_url":"","jetpack_shortlink":"https:\/\/wp.me\/paj7D4-TR","jetpack_sharing_enabled":true,"_links":{"self":[{"href":"https:\/\/wp.ufpel.edu.br\/ppgrecursoshidricos\/wp-json\/wp\/v2\/posts\/3463","targetHints":{"allow":["GET"]}}],"collection":[{"href":"https:\/\/wp.ufpel.edu.br\/ppgrecursoshidricos\/wp-json\/wp\/v2\/posts"}],"about":[{"href":"https:\/\/wp.ufpel.edu.br\/ppgrecursoshidricos\/wp-json\/wp\/v2\/types\/post"}],"author":[{"embeddable":true,"href":"https:\/\/wp.ufpel.edu.br\/ppgrecursoshidricos\/wp-json\/wp\/v2\/users\/669"}],"replies":[{"embeddable":true,"href":"https:\/\/wp.ufpel.edu.br\/ppgrecursoshidricos\/wp-json\/wp\/v2\/comments?post=3463"}],"version-history":[{"count":2,"href":"https:\/\/wp.ufpel.edu.br\/ppgrecursoshidricos\/wp-json\/wp\/v2\/posts\/3463\/revisions"}],"predecessor-version":[{"id":3467,"href":"https:\/\/wp.ufpel.edu.br\/ppgrecursoshidricos\/wp-json\/wp\/v2\/posts\/3463\/revisions\/3467"}],"wp:attachment":[{"href":"https:\/\/wp.ufpel.edu.br\/ppgrecursoshidricos\/wp-json\/wp\/v2\/media?parent=3463"}],"wp:term":[{"taxonomy":"category","embeddable":true,"href":"https:\/\/wp.ufpel.edu.br\/ppgrecursoshidricos\/wp-json\/wp\/v2\/categories?post=3463"},{"taxonomy":"post_tag","embeddable":true,"href":"https:\/\/wp.ufpel.edu.br\/ppgrecursoshidricos\/wp-json\/wp\/v2\/tags?post=3463"}],"curies":[{"name":"wp","href":"https:\/\/api.w.org\/{rel}","templated":true}]}}