{"id":9714,"date":"2024-09-13T15:31:39","date_gmt":"2024-09-13T18:31:39","guid":{"rendered":"https:\/\/wp.ufpel.edu.br\/ppgq\/?p=9714"},"modified":"2024-09-13T15:33:05","modified_gmt":"2024-09-13T18:33:05","slug":"convite-defesa-de-dissertacao-jessica-da-rosa-porto","status":"publish","type":"post","link":"https:\/\/wp.ufpel.edu.br\/ppgq\/2024\/09\/13\/convite-defesa-de-dissertacao-jessica-da-rosa-porto\/","title":{"rendered":"Convite Defesa de Disserta\u00e7\u00e3o &#8211; J\u00e9ssica da Rosa Porto"},"content":{"rendered":"<div style=\"text-align: justify;\"><span style=\"font-size: 12pt;\">O PPGQ convida todos a assistirem a defesa de Disserta\u00e7\u00e3o de Mestrado da aluna\u00a0<b>J\u00e9ssica da Rosa Porto<\/b>, intitulada\u00a0<b>\u201cDesenvolvimento de M\u00e9todos Anal\u00edticos para Determina\u00e7\u00e3o Elementar e Fra\u00e7\u00e3o Bioacess\u00edvel em Carnes \u00e0 base de Plantas por Espectrometria de Emiss\u00e3o \u00d3ptica com Plasma Induzido por Micro-ondas\u201d<\/b>, cuja banca examinadora ser\u00e1 formada pelo orientador Prof. Dr. Anderson Schwingel Ribeiro (PPGQ \u2013 UFPel)(Presidente) e pelos seguintes membros titulares: Prof.\u00aa Dr.\u00aa Solange Cadore (UNICAMP) e Dr.\u00aa Daisa Hakbart Bonemann (PPGCEM \u2013 UFPel), a realizar-se no dia\u00a0<b>17 de setembro de 2024, ter\u00e7a-feira, \u00e0s 08h30<\/b>, via Web.<\/span><\/div>\n<div><\/div>\n<div style=\"text-align: justify;\"><span style=\"font-size: 12pt;\">Link:\u00a0<u><a id=\"LPlnkOWA9ffe97e5-3671-15f6-8d56-4a6620b1dd20\" class=\"x_OWAAutoLink\" href=\"https:\/\/webconf.ufpel.edu.br\/b\/and-ms2-5iq-9rh\" target=\"_blank\" rel=\"noopener noreferrer\" data-auth=\"NotApplicable\" data-linkindex=\"0\">https:\/\/webconf.ufpel.edu.br\/b\/and-ms2-5iq-9rh<\/a><\/u><\/span><\/div>\n","protected":false},"excerpt":{"rendered":"<p>O PPGQ convida todos a assistirem a defesa de Disserta\u00e7\u00e3o de Mestrado da aluna\u00a0J\u00e9ssica da Rosa Porto, intitulada\u00a0\u201cDesenvolvimento de M\u00e9todos Anal\u00edticos para Determina\u00e7\u00e3o Elementar e Fra\u00e7\u00e3o Bioacess\u00edvel em Carnes \u00e0 base de Plantas por Espectrometria de Emiss\u00e3o \u00d3ptica com Plasma &hellip; <a href=\"https:\/\/wp.ufpel.edu.br\/ppgq\/2024\/09\/13\/convite-defesa-de-dissertacao-jessica-da-rosa-porto\/\">Continue lendo <span class=\"meta-nav\">&rarr;<\/span><\/a><\/p>\n","protected":false},"author":93,"featured_media":0,"comment_status":"closed","ping_status":"closed","sticky":false,"template":"","format":"standard","meta":{"footnotes":""},"categories":[4],"tags":[],"class_list":["post-9714","post","type-post","status-publish","format-standard","hentry","category-noticias"],"jetpack_featured_media_url":"","_links":{"self":[{"href":"https:\/\/wp.ufpel.edu.br\/ppgq\/wp-json\/wp\/v2\/posts\/9714","targetHints":{"allow":["GET"]}}],"collection":[{"href":"https:\/\/wp.ufpel.edu.br\/ppgq\/wp-json\/wp\/v2\/posts"}],"about":[{"href":"https:\/\/wp.ufpel.edu.br\/ppgq\/wp-json\/wp\/v2\/types\/post"}],"author":[{"embeddable":true,"href":"https:\/\/wp.ufpel.edu.br\/ppgq\/wp-json\/wp\/v2\/users\/93"}],"replies":[{"embeddable":true,"href":"https:\/\/wp.ufpel.edu.br\/ppgq\/wp-json\/wp\/v2\/comments?post=9714"}],"version-history":[{"count":7,"href":"https:\/\/wp.ufpel.edu.br\/ppgq\/wp-json\/wp\/v2\/posts\/9714\/revisions"}],"predecessor-version":[{"id":9722,"href":"https:\/\/wp.ufpel.edu.br\/ppgq\/wp-json\/wp\/v2\/posts\/9714\/revisions\/9722"}],"wp:attachment":[{"href":"https:\/\/wp.ufpel.edu.br\/ppgq\/wp-json\/wp\/v2\/media?parent=9714"}],"wp:term":[{"taxonomy":"category","embeddable":true,"href":"https:\/\/wp.ufpel.edu.br\/ppgq\/wp-json\/wp\/v2\/categories?post=9714"},{"taxonomy":"post_tag","embeddable":true,"href":"https:\/\/wp.ufpel.edu.br\/ppgq\/wp-json\/wp\/v2\/tags?post=9714"}],"curies":[{"name":"wp","href":"https:\/\/api.w.org\/{rel}","templated":true}]}}