{"id":9315,"date":"2023-12-20T12:10:43","date_gmt":"2023-12-20T15:10:43","guid":{"rendered":"https:\/\/wp.ufpel.edu.br\/ppgq\/?p=9315"},"modified":"2023-12-20T12:14:00","modified_gmt":"2023-12-20T15:14:00","slug":"atencao-edital-de-selecao-euq-mestrado-e-doutorado-2024-01","status":"publish","type":"post","link":"https:\/\/wp.ufpel.edu.br\/ppgq\/2023\/12\/20\/atencao-edital-de-selecao-euq-mestrado-e-doutorado-2024-01\/","title":{"rendered":"ATEN\u00c7\u00c3O \u2013 Edital de Sele\u00e7\u00e3o \u2013 EUQ &#8211; Mestrado e Doutorado \u2013 2024\/01"},"content":{"rendered":"<p style=\"text-align: justify;\"><span style=\"color: #000000;\">Estar\u00e3o abertas as inscri\u00e7\u00f5es para o Processo Seletivo de Mestrado e Doutorado do PPGQ, <strong>EXCLUSIVAMENTE PARA CANDIDATOS QUE REALIZARAM O EXAME UNIFICADO DE QU\u00cdMICA (EUQ)<\/strong>, para ingresso em 2024\/01, <strong>entre os dias 02\/01 a 05\/02\/2024<\/strong>.<\/span><br \/>\n<span style=\"color: #000000;\">Os interessados dever\u00e3o encaminhar para o e-mail\u00a0<a style=\"color: #000000;\" href=\"mailto:selecao.ppgq.ufpel@gmail.com\"><strong>selecao.ppgq.ufpel@gmail.com<\/strong><\/a>, toda a documenta\u00e7\u00e3o digitalizada <strong>at\u00e9 o dia 05 de fevereiro de 2024<\/strong>.<br \/>\nA <strong>homologa\u00e7\u00e3o das inscri\u00e7\u00f5es<\/strong> ser\u00e1 realizada at\u00e9 o dia <strong>16 de fevereiro de 2024<\/strong>.<br \/>\nO <strong>resultado final<\/strong> do processo seletivo ser\u00e1 divulgado at\u00e9 <strong>23 de fevereiro de 2024<\/strong>.<\/span><\/p>\n<p><span style=\"font-size: 24pt; color: #0000ff;\"><strong>Com disponibilidade de bolsas de Mestrado e Doutorado.<\/strong><\/span><\/p>\n<p><a href=\"https:\/\/wp.ufpel.edu.br\/ppgq\/files\/2023\/12\/Edital-de-Selec\u0327a\u0303o-2024.01-EUQ-assinado.pdf\">Edital de Selec\u0327a\u0303o 2024.01 EUQ<\/a><br \/>\n<a href=\"https:\/\/wp.ufpel.edu.br\/ppgq\/files\/2023\/12\/Anexo-1-Edital-EUQ.pdf\">Anexo 1 Edital &#8211; EUQ<\/a><br \/>\n<a href=\"https:\/\/wp.ufpel.edu.br\/ppgq\/files\/2023\/12\/Anexo-2-do-Edital-EUQ.docx\">Anexo 2 do Edital &#8211; EUQ<\/a><br \/>\n<a href=\"https:\/\/wp.ufpel.edu.br\/ppgq\/files\/2023\/12\/Autodeclaracao-de-Identidade-de-Genero.docx\">Autodeclara\u00e7\u00e3o de Identidade de G\u00eanero<\/a><br \/>\n<a href=\"https:\/\/wp.ufpel.edu.br\/ppgq\/files\/2023\/12\/Autodeclaracao-Etnico-Racial.docx\">Autodeclara\u00e7\u00e3o \u00c9tnico-Racial<\/a><br \/>\n<a href=\"https:\/\/wp.ufpel.edu.br\/ppgq\/files\/2023\/12\/Requerimento-de-Inscricao-Mestrado.docx\">Requerimento de Inscri\u00e7\u00e3o Mestrado<\/a><br \/>\n<a href=\"https:\/\/wp.ufpel.edu.br\/ppgq\/files\/2023\/12\/Requerimento-de-Inscricao-Doutorado.docx\">Requerimento de Inscri\u00e7\u00e3o Doutorado<\/a><br \/>\n<a href=\"https:\/\/wp.ufpel.edu.br\/ppgq\/files\/2023\/12\/Requerimento-de-Inscricao-Doutorado-Direto.docx\">Requerimento de Inscri\u00e7\u00e3o Doutorado Direto<\/a><\/p>\n","protected":false},"excerpt":{"rendered":"<p>Estar\u00e3o abertas as inscri\u00e7\u00f5es para o Processo Seletivo de Mestrado e Doutorado do PPGQ, EXCLUSIVAMENTE PARA CANDIDATOS QUE REALIZARAM O EXAME UNIFICADO DE QU\u00cdMICA (EUQ), para ingresso em 2024\/01, entre os dias 02\/01 a 05\/02\/2024. Os interessados dever\u00e3o encaminhar para &hellip; <a href=\"https:\/\/wp.ufpel.edu.br\/ppgq\/2023\/12\/20\/atencao-edital-de-selecao-euq-mestrado-e-doutorado-2024-01\/\">Continue lendo <span class=\"meta-nav\">&rarr;<\/span><\/a><\/p>\n","protected":false},"author":93,"featured_media":0,"comment_status":"closed","ping_status":"closed","sticky":false,"template":"","format":"standard","meta":{"footnotes":""},"categories":[4],"tags":[],"class_list":["post-9315","post","type-post","status-publish","format-standard","hentry","category-noticias"],"jetpack_featured_media_url":"","_links":{"self":[{"href":"https:\/\/wp.ufpel.edu.br\/ppgq\/wp-json\/wp\/v2\/posts\/9315","targetHints":{"allow":["GET"]}}],"collection":[{"href":"https:\/\/wp.ufpel.edu.br\/ppgq\/wp-json\/wp\/v2\/posts"}],"about":[{"href":"https:\/\/wp.ufpel.edu.br\/ppgq\/wp-json\/wp\/v2\/types\/post"}],"author":[{"embeddable":true,"href":"https:\/\/wp.ufpel.edu.br\/ppgq\/wp-json\/wp\/v2\/users\/93"}],"replies":[{"embeddable":true,"href":"https:\/\/wp.ufpel.edu.br\/ppgq\/wp-json\/wp\/v2\/comments?post=9315"}],"version-history":[{"count":8,"href":"https:\/\/wp.ufpel.edu.br\/ppgq\/wp-json\/wp\/v2\/posts\/9315\/revisions"}],"predecessor-version":[{"id":9332,"href":"https:\/\/wp.ufpel.edu.br\/ppgq\/wp-json\/wp\/v2\/posts\/9315\/revisions\/9332"}],"wp:attachment":[{"href":"https:\/\/wp.ufpel.edu.br\/ppgq\/wp-json\/wp\/v2\/media?parent=9315"}],"wp:term":[{"taxonomy":"category","embeddable":true,"href":"https:\/\/wp.ufpel.edu.br\/ppgq\/wp-json\/wp\/v2\/categories?post=9315"},{"taxonomy":"post_tag","embeddable":true,"href":"https:\/\/wp.ufpel.edu.br\/ppgq\/wp-json\/wp\/v2\/tags?post=9315"}],"curies":[{"name":"wp","href":"https:\/\/api.w.org\/{rel}","templated":true}]}}