{"id":8969,"date":"2023-05-10T09:19:16","date_gmt":"2023-05-10T12:19:16","guid":{"rendered":"https:\/\/wp.ufpel.edu.br\/ppgq\/?p=8969"},"modified":"2023-05-10T09:19:16","modified_gmt":"2023-05-10T12:19:16","slug":"convite-exame-de-qualificacao-de-doutorado-wesley-vieira-ferreira","status":"publish","type":"post","link":"https:\/\/wp.ufpel.edu.br\/ppgq\/2023\/05\/10\/convite-exame-de-qualificacao-de-doutorado-wesley-vieira-ferreira\/","title":{"rendered":"Convite Exame de Qualifica\u00e7\u00e3o de Doutorado \u2013 Wesley Vieira Ferreira"},"content":{"rendered":"<p style=\"text-align: justify;\">O PPGQ convida todos a assistir o\u00a0Exame de\u00a0Qualifica\u00e7\u00e3o de Doutorado\u00a0do aluno <strong>Wesley Vieira Ferreira<\/strong>, orientando da Prof.\u00aa Dr.\u00aa Adriana Castro Pinheiro, intitulado <strong>\u201c<\/strong><strong>S\u00edntese, Caracteriza\u00e7\u00e3o, Estudo Espectrosc\u00f3pico e Eletroqu\u00edmico de\u00a0<\/strong><strong>Novos Complexos de Cu(II) contendo Ligantes Derivados de Bases de Schiff e 1,10- fenantrolina\u201d<\/strong>,<strong>\u00a0<\/strong>que ser\u00e1 realizado na pr\u00f3xima sexta-feira, dia <strong>12 de maio de 2023<\/strong>,\u00a0\u00e0s <strong>09 horas<\/strong>, via web, atrav\u00e9s do link <a href=\"https:\/\/webconf.ufpel.edu.br\/b\/adr-thr-83a-dzz\">https:\/\/webconf.ufpel.edu.br\/b\/adr-thr-83a-dzz<\/a><br \/>\nA banca examinadora ser\u00e1 formada pela orientadora e pelos seguintes membros titulares: Prof.\u00aa Dr.\u00aa Daniela Bianchini (PPGQ \u2013 UFPel), Prof.\u00aa Dr.\u00aa Leliz Ticona Arenas (UFRGS) e Prof. Dr. Jorge Luiz S\u00f4nego Milani (UFJF).<\/p>\n","protected":false},"excerpt":{"rendered":"<p>O PPGQ convida todos a assistir o\u00a0Exame de\u00a0Qualifica\u00e7\u00e3o de Doutorado\u00a0do aluno Wesley Vieira Ferreira, orientando da Prof.\u00aa Dr.\u00aa Adriana Castro Pinheiro, intitulado \u201cS\u00edntese, Caracteriza\u00e7\u00e3o, Estudo Espectrosc\u00f3pico e Eletroqu\u00edmico de\u00a0Novos Complexos de Cu(II) contendo Ligantes Derivados de Bases de Schiff e &hellip; <a href=\"https:\/\/wp.ufpel.edu.br\/ppgq\/2023\/05\/10\/convite-exame-de-qualificacao-de-doutorado-wesley-vieira-ferreira\/\">Continue lendo <span class=\"meta-nav\">&rarr;<\/span><\/a><\/p>\n","protected":false},"author":93,"featured_media":0,"comment_status":"closed","ping_status":"closed","sticky":false,"template":"","format":"standard","meta":{"footnotes":""},"categories":[4],"tags":[],"class_list":["post-8969","post","type-post","status-publish","format-standard","hentry","category-noticias"],"jetpack_featured_media_url":"","_links":{"self":[{"href":"https:\/\/wp.ufpel.edu.br\/ppgq\/wp-json\/wp\/v2\/posts\/8969","targetHints":{"allow":["GET"]}}],"collection":[{"href":"https:\/\/wp.ufpel.edu.br\/ppgq\/wp-json\/wp\/v2\/posts"}],"about":[{"href":"https:\/\/wp.ufpel.edu.br\/ppgq\/wp-json\/wp\/v2\/types\/post"}],"author":[{"embeddable":true,"href":"https:\/\/wp.ufpel.edu.br\/ppgq\/wp-json\/wp\/v2\/users\/93"}],"replies":[{"embeddable":true,"href":"https:\/\/wp.ufpel.edu.br\/ppgq\/wp-json\/wp\/v2\/comments?post=8969"}],"version-history":[{"count":2,"href":"https:\/\/wp.ufpel.edu.br\/ppgq\/wp-json\/wp\/v2\/posts\/8969\/revisions"}],"predecessor-version":[{"id":8972,"href":"https:\/\/wp.ufpel.edu.br\/ppgq\/wp-json\/wp\/v2\/posts\/8969\/revisions\/8972"}],"wp:attachment":[{"href":"https:\/\/wp.ufpel.edu.br\/ppgq\/wp-json\/wp\/v2\/media?parent=8969"}],"wp:term":[{"taxonomy":"category","embeddable":true,"href":"https:\/\/wp.ufpel.edu.br\/ppgq\/wp-json\/wp\/v2\/categories?post=8969"},{"taxonomy":"post_tag","embeddable":true,"href":"https:\/\/wp.ufpel.edu.br\/ppgq\/wp-json\/wp\/v2\/tags?post=8969"}],"curies":[{"name":"wp","href":"https:\/\/api.w.org\/{rel}","templated":true}]}}