{"id":8834,"date":"2023-03-13T10:17:58","date_gmt":"2023-03-13T13:17:58","guid":{"rendered":"https:\/\/wp.ufpel.edu.br\/ppgq\/?p=8834"},"modified":"2023-03-13T10:17:58","modified_gmt":"2023-03-13T13:17:58","slug":"convite-seminario-prof-dr-fernando-machado-machado-ppgcem-ufpel","status":"publish","type":"post","link":"https:\/\/wp.ufpel.edu.br\/ppgq\/2023\/03\/13\/convite-seminario-prof-dr-fernando-machado-machado-ppgcem-ufpel\/","title":{"rendered":"Convite Semin\u00e1rio &#8211; Prof. Dr. Fernando Machado Machado (PPGCEM &#8211; UFPel)"},"content":{"rendered":"<p style=\"text-align: justify;\"><span class=\"x_ecxtextrun\"><span class=\"x_ContentPasted0\">O PPGQ convida todos a assistir o semin\u00e1rio intitulado\u00a0<b class=\"x_ContentPasted0\">\u201cNanomateriais de Carbono 1D e 2D: Propriedades e Aplica\u00e7\u00f5es\u201d<\/b>,<\/span><\/span><b><span class=\"x_ContentPasted0\">\u00a0<\/span><\/b><span class=\"x_ecxtextrun\"><span class=\"x_ContentPasted0\">que ser\u00e1 ministrado pelo\u00a0<b class=\"x_ContentPasted0\">Prof.<\/b>\u00a0<\/span><\/span><b><span class=\"x_ContentPasted0\">Dr. Fernando Machado Machado<\/span><\/b><span class=\"x_ecxtextrun\"><span class=\"x_ContentPasted0\">, do PPGCEM \u2013 UFPel<\/span><\/span><span class=\"x_ContentPasted0\">,<\/span><span class=\"x_ecxtextrun\"><span class=\"x_ContentPasted0\">\u00a0no dia 15\/03\/2023, quarta-feira, \u00e0s 08h30, no Miniaudit\u00f3rio do CCQFA.<\/span><\/span><\/p>\n<p><a href=\"https:\/\/wp.ufpel.edu.br\/ppgq\/files\/2023\/03\/2-Fernando-Machado-Machado.pdf\">Resumo Semin\u00e1rio<\/a><\/p>\n","protected":false},"excerpt":{"rendered":"<p>O PPGQ convida todos a assistir o semin\u00e1rio intitulado\u00a0\u201cNanomateriais de Carbono 1D e 2D: Propriedades e Aplica\u00e7\u00f5es\u201d,\u00a0que ser\u00e1 ministrado pelo\u00a0Prof.\u00a0Dr. Fernando Machado Machado, do PPGCEM \u2013 UFPel,\u00a0no dia 15\/03\/2023, quarta-feira, \u00e0s 08h30, no Miniaudit\u00f3rio do CCQFA. Resumo Semin\u00e1rio<\/p>\n","protected":false},"author":93,"featured_media":0,"comment_status":"closed","ping_status":"closed","sticky":false,"template":"","format":"standard","meta":{"footnotes":""},"categories":[10799],"tags":[],"class_list":["post-8834","post","type-post","status-publish","format-standard","hentry","category-seminarios"],"jetpack_featured_media_url":"","_links":{"self":[{"href":"https:\/\/wp.ufpel.edu.br\/ppgq\/wp-json\/wp\/v2\/posts\/8834","targetHints":{"allow":["GET"]}}],"collection":[{"href":"https:\/\/wp.ufpel.edu.br\/ppgq\/wp-json\/wp\/v2\/posts"}],"about":[{"href":"https:\/\/wp.ufpel.edu.br\/ppgq\/wp-json\/wp\/v2\/types\/post"}],"author":[{"embeddable":true,"href":"https:\/\/wp.ufpel.edu.br\/ppgq\/wp-json\/wp\/v2\/users\/93"}],"replies":[{"embeddable":true,"href":"https:\/\/wp.ufpel.edu.br\/ppgq\/wp-json\/wp\/v2\/comments?post=8834"}],"version-history":[{"count":2,"href":"https:\/\/wp.ufpel.edu.br\/ppgq\/wp-json\/wp\/v2\/posts\/8834\/revisions"}],"predecessor-version":[{"id":8838,"href":"https:\/\/wp.ufpel.edu.br\/ppgq\/wp-json\/wp\/v2\/posts\/8834\/revisions\/8838"}],"wp:attachment":[{"href":"https:\/\/wp.ufpel.edu.br\/ppgq\/wp-json\/wp\/v2\/media?parent=8834"}],"wp:term":[{"taxonomy":"category","embeddable":true,"href":"https:\/\/wp.ufpel.edu.br\/ppgq\/wp-json\/wp\/v2\/categories?post=8834"},{"taxonomy":"post_tag","embeddable":true,"href":"https:\/\/wp.ufpel.edu.br\/ppgq\/wp-json\/wp\/v2\/tags?post=8834"}],"curies":[{"name":"wp","href":"https:\/\/api.w.org\/{rel}","templated":true}]}}