{"id":8821,"date":"2023-02-23T09:02:29","date_gmt":"2023-02-23T12:02:29","guid":{"rendered":"https:\/\/wp.ufpel.edu.br\/ppgq\/?p=8821"},"modified":"2023-02-23T09:02:54","modified_gmt":"2023-02-23T12:02:54","slug":"convite-defesa-de-dissertacao-monica-regina-de-almeida-chaves-ferreira","status":"publish","type":"post","link":"https:\/\/wp.ufpel.edu.br\/ppgq\/2023\/02\/23\/convite-defesa-de-dissertacao-monica-regina-de-almeida-chaves-ferreira\/","title":{"rendered":"Convite Defesa de Disserta\u00e7\u00e3o &#8211; M\u00f4nica Regina de Almeida Chaves Ferreira"},"content":{"rendered":"<p style=\"text-align: justify;\">O PPGQ convida todos a assistirem a defesa de Disserta\u00e7\u00e3o de Mestrado da aluna\u00a0<b>M\u00f4nica Regina de Almeida Chaves Ferreira<\/b>, intitulada\u00a0<b>\u201cDetermina\u00e7\u00e3o da Concentra\u00e7\u00e3o Total e Fra\u00e7\u00e3o Bioacess\u00edvel de Minerais e Avalia\u00e7\u00e3o do Conte\u00fado de Polifen\u00f3is em Variedades de Ma\u00e7\u00e3s e Peras por MIP OES\u201d<\/b>, cuja banca examinadora ser\u00e1 formada pela orientadora Prof.\u00aa Dr.\u00aa Mariana Antunes Vieira (PPGQ \u2013 UFPel)(Presidente) e pelos seguintes membros titulares: Prof. Dr. Eliezer Avila Gandra (CCQFA \u2013 UFPel) e Prof. Dr. Wiliam Boschetti (PPGQ \u2013 UFPel), a realizar-se no dia\u00a0<b>27 de fevereiro de 2023, segunda-feira, \u00e0s 14h<\/b>, no Miniaudit\u00f3rio do CCQFA.<\/p>\n","protected":false},"excerpt":{"rendered":"<p>O PPGQ convida todos a assistirem a defesa de Disserta\u00e7\u00e3o de Mestrado da aluna\u00a0M\u00f4nica Regina de Almeida Chaves Ferreira, intitulada\u00a0\u201cDetermina\u00e7\u00e3o da Concentra\u00e7\u00e3o Total e Fra\u00e7\u00e3o Bioacess\u00edvel de Minerais e Avalia\u00e7\u00e3o do Conte\u00fado de Polifen\u00f3is em Variedades de Ma\u00e7\u00e3s e Peras &hellip; <a href=\"https:\/\/wp.ufpel.edu.br\/ppgq\/2023\/02\/23\/convite-defesa-de-dissertacao-monica-regina-de-almeida-chaves-ferreira\/\">Continue lendo <span class=\"meta-nav\">&rarr;<\/span><\/a><\/p>\n","protected":false},"author":93,"featured_media":0,"comment_status":"closed","ping_status":"closed","sticky":false,"template":"","format":"standard","meta":{"footnotes":""},"categories":[4],"tags":[],"class_list":["post-8821","post","type-post","status-publish","format-standard","hentry","category-noticias"],"jetpack_featured_media_url":"","_links":{"self":[{"href":"https:\/\/wp.ufpel.edu.br\/ppgq\/wp-json\/wp\/v2\/posts\/8821","targetHints":{"allow":["GET"]}}],"collection":[{"href":"https:\/\/wp.ufpel.edu.br\/ppgq\/wp-json\/wp\/v2\/posts"}],"about":[{"href":"https:\/\/wp.ufpel.edu.br\/ppgq\/wp-json\/wp\/v2\/types\/post"}],"author":[{"embeddable":true,"href":"https:\/\/wp.ufpel.edu.br\/ppgq\/wp-json\/wp\/v2\/users\/93"}],"replies":[{"embeddable":true,"href":"https:\/\/wp.ufpel.edu.br\/ppgq\/wp-json\/wp\/v2\/comments?post=8821"}],"version-history":[{"count":1,"href":"https:\/\/wp.ufpel.edu.br\/ppgq\/wp-json\/wp\/v2\/posts\/8821\/revisions"}],"predecessor-version":[{"id":8823,"href":"https:\/\/wp.ufpel.edu.br\/ppgq\/wp-json\/wp\/v2\/posts\/8821\/revisions\/8823"}],"wp:attachment":[{"href":"https:\/\/wp.ufpel.edu.br\/ppgq\/wp-json\/wp\/v2\/media?parent=8821"}],"wp:term":[{"taxonomy":"category","embeddable":true,"href":"https:\/\/wp.ufpel.edu.br\/ppgq\/wp-json\/wp\/v2\/categories?post=8821"},{"taxonomy":"post_tag","embeddable":true,"href":"https:\/\/wp.ufpel.edu.br\/ppgq\/wp-json\/wp\/v2\/tags?post=8821"}],"curies":[{"name":"wp","href":"https:\/\/api.w.org\/{rel}","templated":true}]}}