{"id":8790,"date":"2023-02-09T16:51:30","date_gmt":"2023-02-09T19:51:30","guid":{"rendered":"https:\/\/wp.ufpel.edu.br\/ppgq\/?p=8790"},"modified":"2023-02-09T16:54:16","modified_gmt":"2023-02-09T19:54:16","slug":"cafe-global-das-mulheres-da-iupac-2023","status":"publish","type":"post","link":"https:\/\/wp.ufpel.edu.br\/ppgq\/2023\/02\/09\/cafe-global-das-mulheres-da-iupac-2023\/","title":{"rendered":"Caf\u00e9 Global das Mulheres da IUPAC 2023"},"content":{"rendered":"<p><a href=\"https:\/\/wp.ufpel.edu.br\/ppgq\/files\/2023\/02\/WhatsApp-Image-2023-02-09-at-16.31.42.jpeg\"><img loading=\"lazy\" decoding=\"async\" class=\"alignnone wp-image-8793\" src=\"https:\/\/wp.ufpel.edu.br\/ppgq\/files\/2023\/02\/WhatsApp-Image-2023-02-09-at-16.31.42-286x318.jpeg\" alt=\"\" width=\"633\" height=\"704\" srcset=\"https:\/\/wp.ufpel.edu.br\/ppgq\/files\/2023\/02\/WhatsApp-Image-2023-02-09-at-16.31.42-286x318.jpeg 286w, https:\/\/wp.ufpel.edu.br\/ppgq\/files\/2023\/02\/WhatsApp-Image-2023-02-09-at-16.31.42-143x159.jpeg 143w, https:\/\/wp.ufpel.edu.br\/ppgq\/files\/2023\/02\/WhatsApp-Image-2023-02-09-at-16.31.42-768x853.jpeg 768w, https:\/\/wp.ufpel.edu.br\/ppgq\/files\/2023\/02\/WhatsApp-Image-2023-02-09-at-16.31.42.jpeg 900w\" sizes=\"auto, (max-width: 633px) 100vw, 633px\" \/><\/a><\/p>\n<p style=\"text-align: justify;\">No dia 14\/02\/2023 ser\u00e1 realizado na UFPEL o Caf\u00e9 Global das Mulheres da IUPAC 2023, &#8220;Global Women\u00b4s Breakfast 2023&#8221;. O evento \u00e9 uma iniciativa da Uni\u00e3o Internacional de Qu\u00edmica Pura e Aplicada (International Union of Pure and Applied Chemistry, IUPAC) \u201cGlobal Women\u2019s Breakfast &#8211; GWB\u201d, que promove eventos de networking cient\u00edfico e igualdade de g\u00eanero nos mais diversos pa\u00edses. O GWB ressurgiu em 2019 como parte das comemora\u00e7\u00f5es do centen\u00e1rio de funda\u00e7\u00e3o da IUPAC e, desde ent\u00e3o, \u00e9 um evento anual. No ano de 2023, o tema global do GWB \u00e9 \u201cQuebrando barreiras na ci\u00eancia\u201d. Assim, al\u00e9m de celebrar as conquistas das mulheres na ci\u00eancia e inspirar as novas gera\u00e7\u00f5es para pap\u00e9is de lideran\u00e7a, o evento discute como avan\u00e7ar nas pautas de igualdade de g\u00eanero na ci\u00eancia.<br \/>\nO evento contar\u00e1 com a presen\u00e7a de cientistas empenhados na promo\u00e7\u00e3o de equidade racial e de g\u00eanero, e est\u00e1 sendo organizado pelas professoras M\u00e1rcia Mesko, Ethel Wilhelm, Adriana Pinheiro e Roselia Spanevello, em conjunto com estudantes dos Programas de P\u00f3s-gradua\u00e7\u00e3o em Qu\u00edmica (PPGQ) e Bioqu\u00edmica e Bioprospe\u00e7\u00e3o (PPGBBio). O evento ocorrer\u00e1 dia 14 de fevereiro de 2023, \u00e0s 10h30min, no audit\u00f3rio t\u00e9rreo do aul\u00e1rio 02, Campus Universit\u00e1rio Cap\u00e3o do Le\u00e3o, UFPel.<\/p>\n<p>O evento \u00e9 gratuito e com certificado de participa\u00e7\u00e3o!<\/p>\n<p>Fa\u00e7a a sua inscri\u00e7\u00e3o at\u00e9 dia 12\/02\/2023 no link\u00a0 \u00a0 \u00a0 \u00a0 \u00a0 \u00a0 \u00a0 \u00a0 \u00a0 https:\/\/docs.google.com\/forms\/d\/1OB8ptRAHgrkieQV_9JvP58Cqu3tlUlSw2nnTlUCEVco\/viewform?ts=63e4d577&amp;edit_requested=true.<\/p>\n","protected":false},"excerpt":{"rendered":"<p>No dia 14\/02\/2023 ser\u00e1 realizado na UFPEL o Caf\u00e9 Global das Mulheres da IUPAC 2023, &#8220;Global Women\u00b4s Breakfast 2023&#8221;. O evento \u00e9 uma iniciativa da Uni\u00e3o Internacional de Qu\u00edmica Pura e Aplicada (International Union of Pure and Applied Chemistry, IUPAC) &hellip; <a href=\"https:\/\/wp.ufpel.edu.br\/ppgq\/2023\/02\/09\/cafe-global-das-mulheres-da-iupac-2023\/\">Continue lendo <span class=\"meta-nav\">&rarr;<\/span><\/a><\/p>\n","protected":false},"author":93,"featured_media":0,"comment_status":"closed","ping_status":"closed","sticky":false,"template":"","format":"standard","meta":{"footnotes":""},"categories":[4],"tags":[],"class_list":["post-8790","post","type-post","status-publish","format-standard","hentry","category-noticias"],"jetpack_featured_media_url":"","_links":{"self":[{"href":"https:\/\/wp.ufpel.edu.br\/ppgq\/wp-json\/wp\/v2\/posts\/8790","targetHints":{"allow":["GET"]}}],"collection":[{"href":"https:\/\/wp.ufpel.edu.br\/ppgq\/wp-json\/wp\/v2\/posts"}],"about":[{"href":"https:\/\/wp.ufpel.edu.br\/ppgq\/wp-json\/wp\/v2\/types\/post"}],"author":[{"embeddable":true,"href":"https:\/\/wp.ufpel.edu.br\/ppgq\/wp-json\/wp\/v2\/users\/93"}],"replies":[{"embeddable":true,"href":"https:\/\/wp.ufpel.edu.br\/ppgq\/wp-json\/wp\/v2\/comments?post=8790"}],"version-history":[{"count":6,"href":"https:\/\/wp.ufpel.edu.br\/ppgq\/wp-json\/wp\/v2\/posts\/8790\/revisions"}],"predecessor-version":[{"id":8798,"href":"https:\/\/wp.ufpel.edu.br\/ppgq\/wp-json\/wp\/v2\/posts\/8790\/revisions\/8798"}],"wp:attachment":[{"href":"https:\/\/wp.ufpel.edu.br\/ppgq\/wp-json\/wp\/v2\/media?parent=8790"}],"wp:term":[{"taxonomy":"category","embeddable":true,"href":"https:\/\/wp.ufpel.edu.br\/ppgq\/wp-json\/wp\/v2\/categories?post=8790"},{"taxonomy":"post_tag","embeddable":true,"href":"https:\/\/wp.ufpel.edu.br\/ppgq\/wp-json\/wp\/v2\/tags?post=8790"}],"curies":[{"name":"wp","href":"https:\/\/api.w.org\/{rel}","templated":true}]}}