{"id":8771,"date":"2023-02-01T13:40:00","date_gmt":"2023-02-01T16:40:00","guid":{"rendered":"https:\/\/wp.ufpel.edu.br\/ppgq\/?p=8771"},"modified":"2023-02-10T09:28:22","modified_gmt":"2023-02-10T12:28:22","slug":"vagas-em-disciplinas-do-ppgq-para-outros-ppgs","status":"publish","type":"post","link":"https:\/\/wp.ufpel.edu.br\/ppgq\/2023\/02\/01\/vagas-em-disciplinas-do-ppgq-para-outros-ppgs\/","title":{"rendered":"Vagas em Disciplinas do PPGQ para outros PPG&#8217;s"},"content":{"rendered":"<p style=\"text-align: justify;\"><strong>Informamos que est\u00e3o dispon\u00edveis as seguintes vagas em disciplinas do PPGQ para alunos de outros PPG&#8217;s da UFPel:<\/strong><\/p>\n<p style=\"text-align: justify;\">Qu\u00edmica Anal\u00edtica Avan\u00e7ada &#8211; 2 vagas<br \/>\nQu\u00edmica Bioinorg\u00e2nica &#8211; 4 vagas<br \/>\nQu\u00edmica Inorg\u00e2nica Avan\u00e7ada &#8211; 2 vagas<br \/>\nQu\u00edmica Org\u00e2nica Avan\u00e7ada &#8211; 2 vagas<br \/>\nQu\u00edmica Org\u00e2nica Avan\u00e7ada 2 (pr\u00e9-requisito Qu\u00edmica Org\u00e2nica Avan\u00e7ada) &#8211; 2 vagas<br \/>\nS\u00edntese Org\u00e2nica &#8211; 2 vagas<\/p>\n<p><a href=\"https:\/\/wp.ufpel.edu.br\/ppgq\/files\/2023\/02\/horarios-2023-1-Outros-PPGs.pdf\">horarios-2023-1 &#8211; Outros PPG&#8217;s<\/a><\/p>\n<p style=\"text-align: justify;\"><strong>Os interessados devem solicitar ao secret\u00e1rio do seu PPG que entre em contato com a secretaria do PPGQ, atrav\u00e9s do e-mail ppgq.ufpel@hotmail.com e solicite a abertura das vagas para o seu curso.<\/strong><\/p>\n<p>Segue o Programa Anal\u00edtico e Ementa das disciplinas.<\/p>\n<p><a href=\"https:\/\/wp.ufpel.edu.br\/ppgq\/files\/2023\/02\/Quimica-Analitica-Avancada-4-creditos-2013.pdf\">Qu\u00edmica Anal\u00edtica Avan\u00e7ada- 4 cr\u00e9ditos<\/a><br \/>\n<a href=\"https:\/\/wp.ufpel.edu.br\/ppgq\/files\/2023\/02\/Quimica-Bioinorganica-2019.pdf\">Qu\u00edmica Bioinorg\u00e2nica &#8211; 4 cr\u00e9ditos<\/a><br \/>\n<a href=\"https:\/\/wp.ufpel.edu.br\/ppgq\/files\/2023\/02\/Quimica-Inorganica-Avancada-2018.pdf\">Qu\u00edmica Inorg\u00e2nica Avan\u00e7ada &#8211; 4 cr\u00e9ditos<\/a><br \/>\n<a href=\"https:\/\/wp.ufpel.edu.br\/ppgq\/files\/2023\/02\/Quimica-Organica-Avancada-2018.pdf\">Qu\u00edmica Org\u00e2nica Avan\u00e7ada &#8211; 4 cr\u00e9ditos<\/a><br \/>\n<a href=\"https:\/\/wp.ufpel.edu.br\/ppgq\/files\/2023\/02\/Quimica-Organica-Avancada-2-2018.pdf\">Qu\u00edmica Org\u00e2nica Avan\u00e7ada 2 &#8211; 4 cr\u00e9ditos<\/a><br \/>\n<a href=\"https:\/\/wp.ufpel.edu.br\/ppgq\/files\/2023\/02\/Sintese-Organica-2018.pdf\">S\u00edntese Org\u00e2nica &#8211; 6 cr\u00e9ditos<\/a><\/p>\n<p><strong>As vagas ser\u00e3o preenchidas por ordem de solicita\u00e7\u00e3o.<\/strong><\/p>\n","protected":false},"excerpt":{"rendered":"<p>Informamos que est\u00e3o dispon\u00edveis as seguintes vagas em disciplinas do PPGQ para alunos de outros PPG&#8217;s da UFPel: Qu\u00edmica Anal\u00edtica Avan\u00e7ada &#8211; 2 vagas Qu\u00edmica Bioinorg\u00e2nica &#8211; 4 vagas Qu\u00edmica Inorg\u00e2nica Avan\u00e7ada &#8211; 2 vagas Qu\u00edmica Org\u00e2nica Avan\u00e7ada &#8211; 2 &hellip; <a href=\"https:\/\/wp.ufpel.edu.br\/ppgq\/2023\/02\/01\/vagas-em-disciplinas-do-ppgq-para-outros-ppgs\/\">Continue lendo <span class=\"meta-nav\">&rarr;<\/span><\/a><\/p>\n","protected":false},"author":93,"featured_media":0,"comment_status":"closed","ping_status":"closed","sticky":false,"template":"","format":"standard","meta":{"footnotes":""},"categories":[4],"tags":[],"class_list":["post-8771","post","type-post","status-publish","format-standard","hentry","category-noticias"],"jetpack_featured_media_url":"","_links":{"self":[{"href":"https:\/\/wp.ufpel.edu.br\/ppgq\/wp-json\/wp\/v2\/posts\/8771","targetHints":{"allow":["GET"]}}],"collection":[{"href":"https:\/\/wp.ufpel.edu.br\/ppgq\/wp-json\/wp\/v2\/posts"}],"about":[{"href":"https:\/\/wp.ufpel.edu.br\/ppgq\/wp-json\/wp\/v2\/types\/post"}],"author":[{"embeddable":true,"href":"https:\/\/wp.ufpel.edu.br\/ppgq\/wp-json\/wp\/v2\/users\/93"}],"replies":[{"embeddable":true,"href":"https:\/\/wp.ufpel.edu.br\/ppgq\/wp-json\/wp\/v2\/comments?post=8771"}],"version-history":[{"count":5,"href":"https:\/\/wp.ufpel.edu.br\/ppgq\/wp-json\/wp\/v2\/posts\/8771\/revisions"}],"predecessor-version":[{"id":8781,"href":"https:\/\/wp.ufpel.edu.br\/ppgq\/wp-json\/wp\/v2\/posts\/8771\/revisions\/8781"}],"wp:attachment":[{"href":"https:\/\/wp.ufpel.edu.br\/ppgq\/wp-json\/wp\/v2\/media?parent=8771"}],"wp:term":[{"taxonomy":"category","embeddable":true,"href":"https:\/\/wp.ufpel.edu.br\/ppgq\/wp-json\/wp\/v2\/categories?post=8771"},{"taxonomy":"post_tag","embeddable":true,"href":"https:\/\/wp.ufpel.edu.br\/ppgq\/wp-json\/wp\/v2\/tags?post=8771"}],"curies":[{"name":"wp","href":"https:\/\/api.w.org\/{rel}","templated":true}]}}