{"id":8725,"date":"2022-12-19T19:19:53","date_gmt":"2022-12-19T22:19:53","guid":{"rendered":"https:\/\/wp.ufpel.edu.br\/ppgq\/?p=8725"},"modified":"2022-12-19T19:22:46","modified_gmt":"2022-12-19T22:22:46","slug":"convite-defesa-de-tese-jaqueline-ferreira-de-souza","status":"publish","type":"post","link":"https:\/\/wp.ufpel.edu.br\/ppgq\/2022\/12\/19\/convite-defesa-de-tese-jaqueline-ferreira-de-souza\/","title":{"rendered":"Convite Defesa de Tese &#8211; Jaqueline Ferreira de Souza"},"content":{"rendered":"<p style=\"text-align: justify;\">O PPGQ convida todos a assistirem a defesa de Tese de Doutorado\u00a0da aluna\u00a0<b><span lang=\"PT\">Jaqueline Ferreira de Souza<\/span><\/b>, intitulada\u00a0<b>\u201cMateriais h\u00edbridos formados por pol\u00edmeros e metais: Um estudo sobre a versatilidade e\u00a0aplica\u00e7\u00e3o de novos catalisadores heterog\u00eaneos<\/b><b>\u201d<\/b>, cuja banca examinadora ser\u00e1 formada pelo orientador,\u00a0<span lang=\"PT\">Prof. Dr.\u00a0<\/span><span lang=\"PT\">Andr\u00e9 Ricardo Fajardo<\/span><span lang=\"PT\">\u00a0<\/span>(Presidente)\u00a0e pelos seguintes membros titulares:\u00a0Prof. Dr.\u00a0Diego da Silva Alves\u00a0(PPG<span class=\"x_ContentPasted3\">Q &#8211; UFPel<\/span>), Prof. Dr.\u00a0Bernardo Almeida Iglesias\u00a0(UFSM) e Prof. Dr.\u00a0Ismael Casagrande Bellettini\u00a0(UFSC), a realizar-se no dia\u00a0<b>2<\/b><b><span class=\"x_ContentPasted0\">1<\/span><\/b><b>\u00a0de dezembro de 2022,\u00a0<\/b><b>qu<span class=\"x_ContentPasted1\">art<\/span><span class=\"x_ContentPasted1\"><span class=\"x_ContentPasted2\">a<\/span><\/span><\/b><b>-feira, \u00e0s 08h e 30min<\/b>,\u00a0no miniaudit\u00f3rio do CCQFA-UFPel.<\/p>\n","protected":false},"excerpt":{"rendered":"<p>O PPGQ convida todos a assistirem a defesa de Tese de Doutorado\u00a0da aluna\u00a0Jaqueline Ferreira de Souza, intitulada\u00a0\u201cMateriais h\u00edbridos formados por pol\u00edmeros e metais: Um estudo sobre a versatilidade e\u00a0aplica\u00e7\u00e3o de novos catalisadores heterog\u00eaneos\u201d, cuja banca examinadora ser\u00e1 formada pelo orientador,\u00a0Prof. &hellip; <a href=\"https:\/\/wp.ufpel.edu.br\/ppgq\/2022\/12\/19\/convite-defesa-de-tese-jaqueline-ferreira-de-souza\/\">Continue lendo <span class=\"meta-nav\">&rarr;<\/span><\/a><\/p>\n","protected":false},"author":93,"featured_media":0,"comment_status":"closed","ping_status":"closed","sticky":false,"template":"","format":"standard","meta":{"footnotes":""},"categories":[4],"tags":[],"class_list":["post-8725","post","type-post","status-publish","format-standard","hentry","category-noticias"],"jetpack_featured_media_url":"","_links":{"self":[{"href":"https:\/\/wp.ufpel.edu.br\/ppgq\/wp-json\/wp\/v2\/posts\/8725","targetHints":{"allow":["GET"]}}],"collection":[{"href":"https:\/\/wp.ufpel.edu.br\/ppgq\/wp-json\/wp\/v2\/posts"}],"about":[{"href":"https:\/\/wp.ufpel.edu.br\/ppgq\/wp-json\/wp\/v2\/types\/post"}],"author":[{"embeddable":true,"href":"https:\/\/wp.ufpel.edu.br\/ppgq\/wp-json\/wp\/v2\/users\/93"}],"replies":[{"embeddable":true,"href":"https:\/\/wp.ufpel.edu.br\/ppgq\/wp-json\/wp\/v2\/comments?post=8725"}],"version-history":[{"count":1,"href":"https:\/\/wp.ufpel.edu.br\/ppgq\/wp-json\/wp\/v2\/posts\/8725\/revisions"}],"predecessor-version":[{"id":8727,"href":"https:\/\/wp.ufpel.edu.br\/ppgq\/wp-json\/wp\/v2\/posts\/8725\/revisions\/8727"}],"wp:attachment":[{"href":"https:\/\/wp.ufpel.edu.br\/ppgq\/wp-json\/wp\/v2\/media?parent=8725"}],"wp:term":[{"taxonomy":"category","embeddable":true,"href":"https:\/\/wp.ufpel.edu.br\/ppgq\/wp-json\/wp\/v2\/categories?post=8725"},{"taxonomy":"post_tag","embeddable":true,"href":"https:\/\/wp.ufpel.edu.br\/ppgq\/wp-json\/wp\/v2\/tags?post=8725"}],"curies":[{"name":"wp","href":"https:\/\/api.w.org\/{rel}","templated":true}]}}