{"id":8709,"date":"2022-12-14T10:45:23","date_gmt":"2022-12-14T13:45:23","guid":{"rendered":"https:\/\/wp.ufpel.edu.br\/ppgq\/?p=8709"},"modified":"2022-12-14T10:47:30","modified_gmt":"2022-12-14T13:47:30","slug":"comemoracao-do-conceito-5-do-ppgq-na-capes","status":"publish","type":"post","link":"https:\/\/wp.ufpel.edu.br\/ppgq\/2022\/12\/14\/comemoracao-do-conceito-5-do-ppgq-na-capes\/","title":{"rendered":"Comemora\u00e7\u00e3o do Conceito 5 do PPGQ na CAPES"},"content":{"rendered":"<p style=\"text-align: justify;\">O Programa de P\u00f3s-Gradua\u00e7\u00e3o em Qu\u00edmica (PPGQ) da UFPel \u00e9 credenciado pela CAPES, criado em 2006, com in\u00edcio das atividades em 2007 no n\u00edvel de Mestrado. A cria\u00e7\u00e3o do PPGQ partiu da demanda da comunidade acad\u00eamica e n\u00e3o acad\u00eamica em dar continuidade \u00e0 forma\u00e7\u00e3o dos egressos dos cursos de Qu\u00edmica (Bacharelado e Licenciatura) da UFPel. Na \u00e9poca, egressos da gradua\u00e7\u00e3o em qu\u00edmica que desejavam seguir os estudos eram obrigados a se deslocar a outra cidade (Santa Maria, Porto Alegre, etc.) ou a migrar para outra \u00e1rea, j\u00e1 que n\u00e3o havia curso stricto senso em Qu\u00edmica na metade Sul do estado.<\/p>\n<p><a href=\"https:\/\/wp.ufpel.edu.br\/ppgq\/files\/2022\/12\/Foto-1-scaled.jpg\"><img loading=\"lazy\" decoding=\"async\" class=\"alignnone size-medium wp-image-8713\" src=\"https:\/\/wp.ufpel.edu.br\/ppgq\/files\/2022\/12\/Foto-1-424x255.jpg\" alt=\"\" width=\"424\" height=\"255\" srcset=\"https:\/\/wp.ufpel.edu.br\/ppgq\/files\/2022\/12\/Foto-1-424x255.jpg 424w, https:\/\/wp.ufpel.edu.br\/ppgq\/files\/2022\/12\/Foto-1-212x128.jpg 212w, https:\/\/wp.ufpel.edu.br\/ppgq\/files\/2022\/12\/Foto-1-768x462.jpg 768w, https:\/\/wp.ufpel.edu.br\/ppgq\/files\/2022\/12\/Foto-1-1536x925.jpg 1536w, https:\/\/wp.ufpel.edu.br\/ppgq\/files\/2022\/12\/Foto-1-2048x1233.jpg 2048w\" sizes=\"auto, (max-width: 424px) 100vw, 424px\" \/><\/a><br \/>\n<span style=\"font-size: 8pt;\">Professores e Secret\u00e1rias<\/span><\/p>\n<p style=\"text-align: justify;\">A cria\u00e7\u00e3o do PPGQ-UFPel tamb\u00e9m foi importante para a amplia\u00e7\u00e3o da P\u00f3s-Gradua\u00e7\u00e3o do CCQFA e da UFPel. O Programa atingiu no seu primeiro tri\u00eanio de funcionamento, conceito 4 na CAPES, e hoje o PPGQ est\u00e1 comemorando a evolu\u00e7\u00e3o no conceito para a NOTA 5, cujo resultado \u00e9 derivado de grande esfor\u00e7o de sua comunidade. A renova\u00e7\u00e3o do quadro docente, conjuntamente com a consolida\u00e7\u00e3o de pesquisadores do Programa, elevou a produtividade, qualidade de ensino e impacto na regi\u00e3o sul, formando profissionais de excel\u00eancia na \u00e1rea de qu\u00edmica.<\/p>\n<p><a href=\"https:\/\/wp.ufpel.edu.br\/ppgq\/files\/2022\/12\/Foto-2.jpg\"><img loading=\"lazy\" decoding=\"async\" class=\"alignnone size-medium wp-image-8711\" src=\"https:\/\/wp.ufpel.edu.br\/ppgq\/files\/2022\/12\/Foto-2-406x318.jpg\" alt=\"\" width=\"406\" height=\"318\" srcset=\"https:\/\/wp.ufpel.edu.br\/ppgq\/files\/2022\/12\/Foto-2-406x318.jpg 406w, https:\/\/wp.ufpel.edu.br\/ppgq\/files\/2022\/12\/Foto-2-203x159.jpg 203w, https:\/\/wp.ufpel.edu.br\/ppgq\/files\/2022\/12\/Foto-2-768x601.jpg 768w, https:\/\/wp.ufpel.edu.br\/ppgq\/files\/2022\/12\/Foto-2-1536x1203.jpg 1536w, https:\/\/wp.ufpel.edu.br\/ppgq\/files\/2022\/12\/Foto-2.jpg 1636w\" sizes=\"auto, (max-width: 406px) 100vw, 406px\" \/><\/a><br \/>\n<span style=\"font-size: 8pt;\">Todos os Coordenadores<\/span><\/p>\n<p style=\"text-align: justify;\">Nos \u00faltimos anos, os PPGs v\u00eam sofrendo severos impactos quanto as mudan\u00e7as impostas pela pandemia, bem como cortes no or\u00e7amento. Embora estes impactos imponham novos desafios ao PPGQ, por meio de sua infraestrutura, equipamentos e, especialmente, pelos alunos qualificados, o mesmo buscar\u00e1 novos caminhos para que mantenhamos a qualidade no Programa, visionando a internacionaliza\u00e7\u00e3o e intera\u00e7\u00e3o com outras \u00e1reas do conhecimento.<\/p>\n<p style=\"text-align: justify;\">O PPGQ tem por miss\u00e3o proporcionar uma base s\u00f3lida nas quatro sub\u00e1reas da Qu\u00edmica, bem como em suas interfaces. Embora estejamos constantemente enfrentando novos desafios, como o n\u00e3o pagamento das bolsas no prazo correto neste m\u00eas de dezembro, mais uma vez impactando a comunidade cient\u00edfica, essa miss\u00e3o se manter\u00e1 perene, buscando sempre a excel\u00eancia. Parab\u00e9ns a todos!<\/p>\n","protected":false},"excerpt":{"rendered":"<p>O Programa de P\u00f3s-Gradua\u00e7\u00e3o em Qu\u00edmica (PPGQ) da UFPel \u00e9 credenciado pela CAPES, criado em 2006, com in\u00edcio das atividades em 2007 no n\u00edvel de Mestrado. A cria\u00e7\u00e3o do PPGQ partiu da demanda da comunidade acad\u00eamica e n\u00e3o acad\u00eamica em &hellip; <a href=\"https:\/\/wp.ufpel.edu.br\/ppgq\/2022\/12\/14\/comemoracao-do-conceito-5-do-ppgq-na-capes\/\">Continue lendo <span class=\"meta-nav\">&rarr;<\/span><\/a><\/p>\n","protected":false},"author":93,"featured_media":0,"comment_status":"closed","ping_status":"closed","sticky":false,"template":"","format":"standard","meta":{"footnotes":""},"categories":[4],"tags":[],"class_list":["post-8709","post","type-post","status-publish","format-standard","hentry","category-noticias"],"jetpack_featured_media_url":"","_links":{"self":[{"href":"https:\/\/wp.ufpel.edu.br\/ppgq\/wp-json\/wp\/v2\/posts\/8709","targetHints":{"allow":["GET"]}}],"collection":[{"href":"https:\/\/wp.ufpel.edu.br\/ppgq\/wp-json\/wp\/v2\/posts"}],"about":[{"href":"https:\/\/wp.ufpel.edu.br\/ppgq\/wp-json\/wp\/v2\/types\/post"}],"author":[{"embeddable":true,"href":"https:\/\/wp.ufpel.edu.br\/ppgq\/wp-json\/wp\/v2\/users\/93"}],"replies":[{"embeddable":true,"href":"https:\/\/wp.ufpel.edu.br\/ppgq\/wp-json\/wp\/v2\/comments?post=8709"}],"version-history":[{"count":5,"href":"https:\/\/wp.ufpel.edu.br\/ppgq\/wp-json\/wp\/v2\/posts\/8709\/revisions"}],"predecessor-version":[{"id":8715,"href":"https:\/\/wp.ufpel.edu.br\/ppgq\/wp-json\/wp\/v2\/posts\/8709\/revisions\/8715"}],"wp:attachment":[{"href":"https:\/\/wp.ufpel.edu.br\/ppgq\/wp-json\/wp\/v2\/media?parent=8709"}],"wp:term":[{"taxonomy":"category","embeddable":true,"href":"https:\/\/wp.ufpel.edu.br\/ppgq\/wp-json\/wp\/v2\/categories?post=8709"},{"taxonomy":"post_tag","embeddable":true,"href":"https:\/\/wp.ufpel.edu.br\/ppgq\/wp-json\/wp\/v2\/tags?post=8709"}],"curies":[{"name":"wp","href":"https:\/\/api.w.org\/{rel}","templated":true}]}}