{"id":8361,"date":"2022-09-06T08:52:08","date_gmt":"2022-09-06T11:52:08","guid":{"rendered":"https:\/\/wp.ufpel.edu.br\/ppgq\/?p=8361"},"modified":"2022-09-06T08:52:50","modified_gmt":"2022-09-06T11:52:50","slug":"professores-do-ppgq-ufpel-em-visita-na-espanha","status":"publish","type":"post","link":"https:\/\/wp.ufpel.edu.br\/ppgq\/2022\/09\/06\/professores-do-ppgq-ufpel-em-visita-na-espanha\/","title":{"rendered":"Professores do PPGQ &#8211; UFPel em visita na Espanha"},"content":{"rendered":"<p style=\"text-align: justify;\">Os professores Eder J. Lenard\u00e3o, Diego Alves e M\u00e1rcio Santos (Coordenador do PPGQ) visitam a Universidade de Corboda, Espanha, por meio de recursos FAPERGS e CAPES PrInt.<\/p>\n<p><a href=\"https:\/\/wp.ufpel.edu.br\/ppgq\/files\/2022\/09\/Eder-Diego-Marcio-2.jpeg\"><img loading=\"lazy\" decoding=\"async\" class=\"alignnone wp-image-8363\" src=\"https:\/\/wp.ufpel.edu.br\/ppgq\/files\/2022\/09\/Eder-Diego-Marcio-2-424x191.jpeg\" alt=\"\" width=\"579\" height=\"261\" srcset=\"https:\/\/wp.ufpel.edu.br\/ppgq\/files\/2022\/09\/Eder-Diego-Marcio-2-424x191.jpeg 424w, https:\/\/wp.ufpel.edu.br\/ppgq\/files\/2022\/09\/Eder-Diego-Marcio-2-212x95.jpeg 212w, https:\/\/wp.ufpel.edu.br\/ppgq\/files\/2022\/09\/Eder-Diego-Marcio-2-768x346.jpeg 768w, https:\/\/wp.ufpel.edu.br\/ppgq\/files\/2022\/09\/Eder-Diego-Marcio-2-1536x691.jpeg 1536w, https:\/\/wp.ufpel.edu.br\/ppgq\/files\/2022\/09\/Eder-Diego-Marcio-2.jpeg 1600w\" sizes=\"auto, (max-width: 579px) 100vw, 579px\" \/><\/a><\/p>\n<p style=\"text-align: justify;\">A visita t\u00e9cnica ocorreu no laborat\u00f3rio do prof. Rafel Luque, do Departamento de Qu\u00edmica Org\u00e2nica, no intuito de fomentar pesquisas e projetos de mobilidade acad\u00eamica, na \u00e1rea de qu\u00edmica verde e recursos renov\u00e1veis. O prof. Luque \u00e9 refer\u00eancia mundial na valoriza\u00e7\u00e3o de res\u00edduos da agroind\u00fastria, principalmente do setor de azeite de oliva.<\/p>\n<p><a href=\"https:\/\/wp.ufpel.edu.br\/ppgq\/files\/2022\/09\/Eder-Diego-Marcio-1.jpeg\"><img loading=\"lazy\" decoding=\"async\" class=\"alignnone wp-image-8364\" src=\"https:\/\/wp.ufpel.edu.br\/ppgq\/files\/2022\/09\/Eder-Diego-Marcio-1-424x191.jpeg\" alt=\"\" width=\"577\" height=\"260\" srcset=\"https:\/\/wp.ufpel.edu.br\/ppgq\/files\/2022\/09\/Eder-Diego-Marcio-1-424x191.jpeg 424w, https:\/\/wp.ufpel.edu.br\/ppgq\/files\/2022\/09\/Eder-Diego-Marcio-1-212x95.jpeg 212w, https:\/\/wp.ufpel.edu.br\/ppgq\/files\/2022\/09\/Eder-Diego-Marcio-1-768x346.jpeg 768w, https:\/\/wp.ufpel.edu.br\/ppgq\/files\/2022\/09\/Eder-Diego-Marcio-1.jpeg 1280w\" sizes=\"auto, (max-width: 577px) 100vw, 577px\" \/><\/a><\/p>\n<p>&nbsp;<\/p>\n","protected":false},"excerpt":{"rendered":"<p>Os professores Eder J. Lenard\u00e3o, Diego Alves e M\u00e1rcio Santos (Coordenador do PPGQ) visitam a Universidade de Corboda, Espanha, por meio de recursos FAPERGS e CAPES PrInt. A visita t\u00e9cnica ocorreu no laborat\u00f3rio do prof. Rafel Luque, do Departamento de &hellip; <a href=\"https:\/\/wp.ufpel.edu.br\/ppgq\/2022\/09\/06\/professores-do-ppgq-ufpel-em-visita-na-espanha\/\">Continue lendo <span class=\"meta-nav\">&rarr;<\/span><\/a><\/p>\n","protected":false},"author":93,"featured_media":0,"comment_status":"closed","ping_status":"closed","sticky":false,"template":"","format":"standard","meta":{"footnotes":""},"categories":[4],"tags":[],"class_list":["post-8361","post","type-post","status-publish","format-standard","hentry","category-noticias"],"jetpack_featured_media_url":"","_links":{"self":[{"href":"https:\/\/wp.ufpel.edu.br\/ppgq\/wp-json\/wp\/v2\/posts\/8361","targetHints":{"allow":["GET"]}}],"collection":[{"href":"https:\/\/wp.ufpel.edu.br\/ppgq\/wp-json\/wp\/v2\/posts"}],"about":[{"href":"https:\/\/wp.ufpel.edu.br\/ppgq\/wp-json\/wp\/v2\/types\/post"}],"author":[{"embeddable":true,"href":"https:\/\/wp.ufpel.edu.br\/ppgq\/wp-json\/wp\/v2\/users\/93"}],"replies":[{"embeddable":true,"href":"https:\/\/wp.ufpel.edu.br\/ppgq\/wp-json\/wp\/v2\/comments?post=8361"}],"version-history":[{"count":2,"href":"https:\/\/wp.ufpel.edu.br\/ppgq\/wp-json\/wp\/v2\/posts\/8361\/revisions"}],"predecessor-version":[{"id":8366,"href":"https:\/\/wp.ufpel.edu.br\/ppgq\/wp-json\/wp\/v2\/posts\/8361\/revisions\/8366"}],"wp:attachment":[{"href":"https:\/\/wp.ufpel.edu.br\/ppgq\/wp-json\/wp\/v2\/media?parent=8361"}],"wp:term":[{"taxonomy":"category","embeddable":true,"href":"https:\/\/wp.ufpel.edu.br\/ppgq\/wp-json\/wp\/v2\/categories?post=8361"},{"taxonomy":"post_tag","embeddable":true,"href":"https:\/\/wp.ufpel.edu.br\/ppgq\/wp-json\/wp\/v2\/tags?post=8361"}],"curies":[{"name":"wp","href":"https:\/\/api.w.org\/{rel}","templated":true}]}}