{"id":8329,"date":"2022-08-22T09:26:07","date_gmt":"2022-08-22T12:26:07","guid":{"rendered":"https:\/\/wp.ufpel.edu.br\/ppgq\/?p=8329"},"modified":"2022-08-22T09:26:07","modified_gmt":"2022-08-22T12:26:07","slug":"convite-seminario-prof-mateus-meneghetti-ferrer-cdtec-ufpel","status":"publish","type":"post","link":"https:\/\/wp.ufpel.edu.br\/ppgq\/2022\/08\/22\/convite-seminario-prof-mateus-meneghetti-ferrer-cdtec-ufpel\/","title":{"rendered":"Convite Semin\u00e1rio &#8211; Prof. Mateus Meneghetti Ferrer &#8211; CDTec &#8211; UFPel"},"content":{"rendered":"<p style=\"text-align: justify;\"><span class=\"x_ecxtextrun\">Convidamos todos a assistir o semin\u00e1rio intitulado\u00a0<b>\u201cSinergia das Abordagens Te\u00f3rica e Experimental para o Entendimento e Otimiza\u00e7\u00e3o de Materiais&#8221;<\/b>,<\/span><b>\u00a0<\/b><span class=\"x_ecxtextrun\">que ser\u00e1 ministrado pelo\u00a0<b>Prof.<\/b>\u00a0<\/span><b>Dr. Mateus Meneghetti Ferrer<\/b><span class=\"x_ecxtextrun\">, do Centro de Desenvolvimento Tecnol\u00f3gico da UFPel<\/span>,<span class=\"x_ecxtextrun\">\u00a0no dia 24\/08\/2022, quarta-feira, \u00e0s 08h30, no Miniaudit\u00f3rio do CCQFA.<\/span><\/p>\n<p><a href=\"https:\/\/wp.ufpel.edu.br\/ppgq\/files\/2022\/08\/2-Mateus-Meneghetti-Ferrer.pdf\">Resumo Semin\u00e1rio<\/a><\/p>\n","protected":false},"excerpt":{"rendered":"<p>Convidamos todos a assistir o semin\u00e1rio intitulado\u00a0\u201cSinergia das Abordagens Te\u00f3rica e Experimental para o Entendimento e Otimiza\u00e7\u00e3o de Materiais&#8221;,\u00a0que ser\u00e1 ministrado pelo\u00a0Prof.\u00a0Dr. Mateus Meneghetti Ferrer, do Centro de Desenvolvimento Tecnol\u00f3gico da UFPel,\u00a0no dia 24\/08\/2022, quarta-feira, \u00e0s 08h30, no Miniaudit\u00f3rio do &hellip; <a href=\"https:\/\/wp.ufpel.edu.br\/ppgq\/2022\/08\/22\/convite-seminario-prof-mateus-meneghetti-ferrer-cdtec-ufpel\/\">Continue lendo <span class=\"meta-nav\">&rarr;<\/span><\/a><\/p>\n","protected":false},"author":93,"featured_media":0,"comment_status":"closed","ping_status":"closed","sticky":false,"template":"","format":"standard","meta":{"footnotes":""},"categories":[10799],"tags":[],"class_list":["post-8329","post","type-post","status-publish","format-standard","hentry","category-seminarios"],"jetpack_featured_media_url":"","_links":{"self":[{"href":"https:\/\/wp.ufpel.edu.br\/ppgq\/wp-json\/wp\/v2\/posts\/8329","targetHints":{"allow":["GET"]}}],"collection":[{"href":"https:\/\/wp.ufpel.edu.br\/ppgq\/wp-json\/wp\/v2\/posts"}],"about":[{"href":"https:\/\/wp.ufpel.edu.br\/ppgq\/wp-json\/wp\/v2\/types\/post"}],"author":[{"embeddable":true,"href":"https:\/\/wp.ufpel.edu.br\/ppgq\/wp-json\/wp\/v2\/users\/93"}],"replies":[{"embeddable":true,"href":"https:\/\/wp.ufpel.edu.br\/ppgq\/wp-json\/wp\/v2\/comments?post=8329"}],"version-history":[{"count":2,"href":"https:\/\/wp.ufpel.edu.br\/ppgq\/wp-json\/wp\/v2\/posts\/8329\/revisions"}],"predecessor-version":[{"id":8333,"href":"https:\/\/wp.ufpel.edu.br\/ppgq\/wp-json\/wp\/v2\/posts\/8329\/revisions\/8333"}],"wp:attachment":[{"href":"https:\/\/wp.ufpel.edu.br\/ppgq\/wp-json\/wp\/v2\/media?parent=8329"}],"wp:term":[{"taxonomy":"category","embeddable":true,"href":"https:\/\/wp.ufpel.edu.br\/ppgq\/wp-json\/wp\/v2\/categories?post=8329"},{"taxonomy":"post_tag","embeddable":true,"href":"https:\/\/wp.ufpel.edu.br\/ppgq\/wp-json\/wp\/v2\/tags?post=8329"}],"curies":[{"name":"wp","href":"https:\/\/api.w.org\/{rel}","templated":true}]}}