{"id":7984,"date":"2022-05-15T20:45:47","date_gmt":"2022-05-15T23:45:47","guid":{"rendered":"https:\/\/wp.ufpel.edu.br\/ppgq\/?p=7984"},"modified":"2022-05-16T21:38:48","modified_gmt":"2022-05-17T00:38:48","slug":"convite-defesa-de-dissertacao-21","status":"publish","type":"post","link":"https:\/\/wp.ufpel.edu.br\/ppgq\/2022\/05\/15\/convite-defesa-de-dissertacao-21\/","title":{"rendered":"HOR\u00c1RIO E LINK ALTERADOS &#8211; Convite Defesa de Disserta\u00e7\u00e3o"},"content":{"rendered":"<p style=\"text-align: justify;\">O PPGQ convida todos a assistirem a defesa de Disserta\u00e7\u00e3o de Mestrado da aluna <strong>Charlene Barbosa de Paula<\/strong>, intitulada <strong>\u201cA (trans)forma\u00e7\u00e3o do Conhecimento Did\u00e1tico do Conte\u00fado no Contexto da Forma\u00e7\u00e3o Inicial em um Curso de Licenciatura em Qu\u00edmica\u201d<\/strong>, cuja banca examinadora ser\u00e1 formada pelo orientador Prof. Dr. F\u00e1bio Andr\u00e9 Sangiogo (PPGQ \u2013 UFPel)(Presidente) e pelos seguintes membros titulares: Prof. Dr. Alessandro Cury Soares (PPGQ \u2013 UFPel) e Prof.\u00aa Dr.\u00aa Blanca Florinda Rodr\u00edguez Hern\u00e1ndez (UPN \u2013 Col\u00f4mbia), a realizar-se no dia <strong>17 de maio de 2022, ter\u00e7a-feira, \u00e0s 10h<\/strong>, no Miniaudit\u00f3rio do CCQFA.<\/p>\n<p>A defesa tamb\u00e9m pode ser acompanhada pelo Link: <a href=\"https:\/\/webconf.ufpel.edu.br\/b\/fab-462-46j\">https:\/\/webconf.ufpel.edu.br\/b\/fab-462-46j<\/a><\/p>\n<p style=\"text-align: justify;\"><span style=\"color: #ff0000;\"><strong>Devido a suspens\u00e3o das atividades da UFPel no dia 17\/05\/2022 \u00e0 tarde, o hor\u00e1rio da defesa foi antecipado. O link de transmiss\u00e3o tamb\u00e9m foi alterado.<\/strong><\/span><\/p>\n","protected":false},"excerpt":{"rendered":"<p>O PPGQ convida todos a assistirem a defesa de Disserta\u00e7\u00e3o de Mestrado da aluna Charlene Barbosa de Paula, intitulada \u201cA (trans)forma\u00e7\u00e3o do Conhecimento Did\u00e1tico do Conte\u00fado no Contexto da Forma\u00e7\u00e3o Inicial em um Curso de Licenciatura em Qu\u00edmica\u201d, cuja banca &hellip; <a href=\"https:\/\/wp.ufpel.edu.br\/ppgq\/2022\/05\/15\/convite-defesa-de-dissertacao-21\/\">Continue lendo <span class=\"meta-nav\">&rarr;<\/span><\/a><\/p>\n","protected":false},"author":93,"featured_media":0,"comment_status":"closed","ping_status":"closed","sticky":false,"template":"","format":"standard","meta":{"footnotes":""},"categories":[4],"tags":[],"class_list":["post-7984","post","type-post","status-publish","format-standard","hentry","category-noticias"],"jetpack_featured_media_url":"","_links":{"self":[{"href":"https:\/\/wp.ufpel.edu.br\/ppgq\/wp-json\/wp\/v2\/posts\/7984","targetHints":{"allow":["GET"]}}],"collection":[{"href":"https:\/\/wp.ufpel.edu.br\/ppgq\/wp-json\/wp\/v2\/posts"}],"about":[{"href":"https:\/\/wp.ufpel.edu.br\/ppgq\/wp-json\/wp\/v2\/types\/post"}],"author":[{"embeddable":true,"href":"https:\/\/wp.ufpel.edu.br\/ppgq\/wp-json\/wp\/v2\/users\/93"}],"replies":[{"embeddable":true,"href":"https:\/\/wp.ufpel.edu.br\/ppgq\/wp-json\/wp\/v2\/comments?post=7984"}],"version-history":[{"count":3,"href":"https:\/\/wp.ufpel.edu.br\/ppgq\/wp-json\/wp\/v2\/posts\/7984\/revisions"}],"predecessor-version":[{"id":8018,"href":"https:\/\/wp.ufpel.edu.br\/ppgq\/wp-json\/wp\/v2\/posts\/7984\/revisions\/8018"}],"wp:attachment":[{"href":"https:\/\/wp.ufpel.edu.br\/ppgq\/wp-json\/wp\/v2\/media?parent=7984"}],"wp:term":[{"taxonomy":"category","embeddable":true,"href":"https:\/\/wp.ufpel.edu.br\/ppgq\/wp-json\/wp\/v2\/categories?post=7984"},{"taxonomy":"post_tag","embeddable":true,"href":"https:\/\/wp.ufpel.edu.br\/ppgq\/wp-json\/wp\/v2\/tags?post=7984"}],"curies":[{"name":"wp","href":"https:\/\/api.w.org\/{rel}","templated":true}]}}