{"id":7951,"date":"2022-05-02T11:34:59","date_gmt":"2022-05-02T14:34:59","guid":{"rendered":"https:\/\/wp.ufpel.edu.br\/ppgq\/?p=7951"},"modified":"2022-05-02T11:34:59","modified_gmt":"2022-05-02T14:34:59","slug":"convite-seminarios-de-alunos-do-ppgq-4","status":"publish","type":"post","link":"https:\/\/wp.ufpel.edu.br\/ppgq\/2022\/05\/02\/convite-seminarios-de-alunos-do-ppgq-4\/","title":{"rendered":"Convite Semin\u00e1rios de Alunos do PPGQ"},"content":{"rendered":"<p style=\"text-align: justify;\">O PPGQ convida todos a assistir dois semin\u00e1rios de alunos que ser\u00e3o realizados na pr\u00f3xima quarta-feira, dia 04\/05\/2022, via Web, a partir das 08h, atrav\u00e9s do link: <a href=\"https:\/\/webconf.ufpel.edu.br\/b\/dan-wm1-19v-tyz\">https:\/\/webconf.ufpel.edu.br\/b\/dan-wm1-19v-tyz<\/a> .<\/p>\n<p style=\"text-align: justify;\">O primeiro do doutorando <strong>\u00cdtalo Franco Coelho Dias<\/strong>, intitulado <strong>\u201cGera\u00e7\u00e3o de Nitrogen-Centered Radicals (NCRs) em Condi\u00e7\u00f5es Livres de Catalisadores Met\u00e1licos e uso em Carbonos sp<sup>2<\/sup>\u201d<\/strong>.<\/p>\n<p style=\"text-align: justify;\">O segundo do doutorando <strong>Charlie Guimar\u00e3es Gomes<\/strong>, intitulado <strong>\u201cEspecia\u00e7\u00e3o dos Principais Compostos de Ars\u00eanio em Alimentos&#8221;<\/strong>.<\/p>\n<p><a href=\"https:\/\/wp.ufpel.edu.br\/ppgq\/files\/2022\/05\/3-Italo-Franco-Coelho-Dias.pdf\">Resumo Semin\u00e1rio &#8211; \u00cdtalo F. C. Dias<\/a><\/p>\n<p><a href=\"https:\/\/wp.ufpel.edu.br\/ppgq\/files\/2022\/05\/4-Charlie-Guimaraes-Gomes.pdf\">Resumo Semin\u00e1rio &#8211; Charlie G. Gomes<\/a><\/p>\n","protected":false},"excerpt":{"rendered":"<p>O PPGQ convida todos a assistir dois semin\u00e1rios de alunos que ser\u00e3o realizados na pr\u00f3xima quarta-feira, dia 04\/05\/2022, via Web, a partir das 08h, atrav\u00e9s do link: https:\/\/webconf.ufpel.edu.br\/b\/dan-wm1-19v-tyz . O primeiro do doutorando \u00cdtalo Franco Coelho Dias, intitulado \u201cGera\u00e7\u00e3o de &hellip; <a href=\"https:\/\/wp.ufpel.edu.br\/ppgq\/2022\/05\/02\/convite-seminarios-de-alunos-do-ppgq-4\/\">Continue lendo <span class=\"meta-nav\">&rarr;<\/span><\/a><\/p>\n","protected":false},"author":93,"featured_media":0,"comment_status":"closed","ping_status":"closed","sticky":false,"template":"","format":"standard","meta":{"footnotes":""},"categories":[10799],"tags":[],"class_list":["post-7951","post","type-post","status-publish","format-standard","hentry","category-seminarios"],"jetpack_featured_media_url":"","_links":{"self":[{"href":"https:\/\/wp.ufpel.edu.br\/ppgq\/wp-json\/wp\/v2\/posts\/7951","targetHints":{"allow":["GET"]}}],"collection":[{"href":"https:\/\/wp.ufpel.edu.br\/ppgq\/wp-json\/wp\/v2\/posts"}],"about":[{"href":"https:\/\/wp.ufpel.edu.br\/ppgq\/wp-json\/wp\/v2\/types\/post"}],"author":[{"embeddable":true,"href":"https:\/\/wp.ufpel.edu.br\/ppgq\/wp-json\/wp\/v2\/users\/93"}],"replies":[{"embeddable":true,"href":"https:\/\/wp.ufpel.edu.br\/ppgq\/wp-json\/wp\/v2\/comments?post=7951"}],"version-history":[{"count":2,"href":"https:\/\/wp.ufpel.edu.br\/ppgq\/wp-json\/wp\/v2\/posts\/7951\/revisions"}],"predecessor-version":[{"id":7956,"href":"https:\/\/wp.ufpel.edu.br\/ppgq\/wp-json\/wp\/v2\/posts\/7951\/revisions\/7956"}],"wp:attachment":[{"href":"https:\/\/wp.ufpel.edu.br\/ppgq\/wp-json\/wp\/v2\/media?parent=7951"}],"wp:term":[{"taxonomy":"category","embeddable":true,"href":"https:\/\/wp.ufpel.edu.br\/ppgq\/wp-json\/wp\/v2\/categories?post=7951"},{"taxonomy":"post_tag","embeddable":true,"href":"https:\/\/wp.ufpel.edu.br\/ppgq\/wp-json\/wp\/v2\/tags?post=7951"}],"curies":[{"name":"wp","href":"https:\/\/api.w.org\/{rel}","templated":true}]}}