{"id":7930,"date":"2022-03-30T15:34:14","date_gmt":"2022-03-30T18:34:14","guid":{"rendered":"https:\/\/wp.ufpel.edu.br\/ppgq\/?p=7930"},"modified":"2022-03-30T15:34:14","modified_gmt":"2022-03-30T18:34:14","slug":"convite-seminario-prof-diogo-la-rosa-novo","status":"publish","type":"post","link":"https:\/\/wp.ufpel.edu.br\/ppgq\/2022\/03\/30\/convite-seminario-prof-diogo-la-rosa-novo\/","title":{"rendered":"Convite Semin\u00e1rio &#8211; Prof. Diogo La Rosa Novo"},"content":{"rendered":"<p style=\"text-align: justify;\">O PPGQ convida todos a assistir o semin\u00e1rio intitulado\u00a0<strong>\u201cA Import\u00e2ncia da Qu\u00edmica Anal\u00edtica para a Qualidade de Vida: Controle da Concentra\u00e7\u00e3o de Elementos Essenciais e Potencialmente T\u00f3xicos\u201d<\/strong>, ministrado pelo <strong>Prof. Dr. Diogo La Rosa Novo \u2013 CCQFA \u2013 UFPel, <\/strong>no dia 06\/04\/2022, quarta-feira, a partir das 09h, atrav\u00e9s do link <a href=\"https:\/\/webconf.ufpel.edu.br\/b\/dan-wm1-19v-tyz\">https:\/\/webconf.ufpel.edu.br\/b\/dan-wm1-19v-tyz<\/a> .<\/p>\n<p><a href=\"https:\/\/wp.ufpel.edu.br\/ppgq\/files\/2022\/03\/3-Diogo-La-Rosa-Novo.pdf\">Resumo Semin\u00e1rio<\/a><\/p>\n","protected":false},"excerpt":{"rendered":"<p>O PPGQ convida todos a assistir o semin\u00e1rio intitulado\u00a0\u201cA Import\u00e2ncia da Qu\u00edmica Anal\u00edtica para a Qualidade de Vida: Controle da Concentra\u00e7\u00e3o de Elementos Essenciais e Potencialmente T\u00f3xicos\u201d, ministrado pelo Prof. Dr. Diogo La Rosa Novo \u2013 CCQFA \u2013 UFPel, no &hellip; <a href=\"https:\/\/wp.ufpel.edu.br\/ppgq\/2022\/03\/30\/convite-seminario-prof-diogo-la-rosa-novo\/\">Continue lendo <span class=\"meta-nav\">&rarr;<\/span><\/a><\/p>\n","protected":false},"author":93,"featured_media":0,"comment_status":"closed","ping_status":"closed","sticky":false,"template":"","format":"standard","meta":{"footnotes":""},"categories":[10799],"tags":[],"class_list":["post-7930","post","type-post","status-publish","format-standard","hentry","category-seminarios"],"jetpack_featured_media_url":"","_links":{"self":[{"href":"https:\/\/wp.ufpel.edu.br\/ppgq\/wp-json\/wp\/v2\/posts\/7930","targetHints":{"allow":["GET"]}}],"collection":[{"href":"https:\/\/wp.ufpel.edu.br\/ppgq\/wp-json\/wp\/v2\/posts"}],"about":[{"href":"https:\/\/wp.ufpel.edu.br\/ppgq\/wp-json\/wp\/v2\/types\/post"}],"author":[{"embeddable":true,"href":"https:\/\/wp.ufpel.edu.br\/ppgq\/wp-json\/wp\/v2\/users\/93"}],"replies":[{"embeddable":true,"href":"https:\/\/wp.ufpel.edu.br\/ppgq\/wp-json\/wp\/v2\/comments?post=7930"}],"version-history":[{"count":1,"href":"https:\/\/wp.ufpel.edu.br\/ppgq\/wp-json\/wp\/v2\/posts\/7930\/revisions"}],"predecessor-version":[{"id":7933,"href":"https:\/\/wp.ufpel.edu.br\/ppgq\/wp-json\/wp\/v2\/posts\/7930\/revisions\/7933"}],"wp:attachment":[{"href":"https:\/\/wp.ufpel.edu.br\/ppgq\/wp-json\/wp\/v2\/media?parent=7930"}],"wp:term":[{"taxonomy":"category","embeddable":true,"href":"https:\/\/wp.ufpel.edu.br\/ppgq\/wp-json\/wp\/v2\/categories?post=7930"},{"taxonomy":"post_tag","embeddable":true,"href":"https:\/\/wp.ufpel.edu.br\/ppgq\/wp-json\/wp\/v2\/tags?post=7930"}],"curies":[{"name":"wp","href":"https:\/\/api.w.org\/{rel}","templated":true}]}}