{"id":7452,"date":"2021-07-22T09:14:26","date_gmt":"2021-07-22T12:14:26","guid":{"rendered":"https:\/\/wp.ufpel.edu.br\/ppgq\/?p=7452"},"modified":"2021-07-27T13:50:06","modified_gmt":"2021-07-27T16:50:06","slug":"edital-de-selecao-mestrado-e-doutorado-2021-02","status":"publish","type":"post","link":"https:\/\/wp.ufpel.edu.br\/ppgq\/2021\/07\/22\/edital-de-selecao-mestrado-e-doutorado-2021-02\/","title":{"rendered":"Edital de Sele\u00e7\u00e3o &#8211; Mestrado e Doutorado &#8211; 2021\/02"},"content":{"rendered":"<p style=\"text-align: justify\">Estar\u00e3o abertas as inscri\u00e7\u00f5es para o\u00a0Processo Seletivo de Mestrado e Doutorado do PPGQ,\u00a0<strong>entre os dias 01 e 09 de agosto de 2021<\/strong>.<br \/>\nOs interessados dever\u00e3o encaminhar para o e-mail\u00a0<a href=\"mailto:selecao.ppgq.ufpel@gmail.com\"><strong>selecao.ppgq.ufpel@gmail.com<\/strong><\/a>, toda a documenta\u00e7\u00e3o digitalizada at\u00e9 o dia 09 de agosto de 2021.<br \/>\nOs candidatos que tiverem sua inscri\u00e7\u00e3o homologada dever\u00e3o participar da<b>\u00a0primeira etapa do processo seletivo<\/b>, marcada para o dia\u00a0<strong>16 de agosto de 2021<\/strong>, segunda-feira, a partir das 1oh e 30min, via web.<\/p>\n<p><strong>Seguem os documentos importantes:<\/strong><\/p>\n<p><strong><a href=\"https:\/\/wp.ufpel.edu.br\/ppgq\/files\/2021\/07\/Edital-de-Retificacao-2021.02-Assinado.pdf\">Edital de Retifica\u00e7\u00e3o &#8211; 2021.02<\/a><\/strong><br \/>\n<a href=\"https:\/\/wp.ufpel.edu.br\/ppgq\/files\/2021\/07\/Edital-de-Selecao-2021.02-Assinado.pdf\"><strong>Edital de Sele\u00e7\u00e3o PPGQ 2021-2<\/strong><\/a><br \/>\n<strong><a href=\"https:\/\/wp.ufpel.edu.br\/ppgq\/files\/2021\/07\/Anexos-1-e-2.pdf\">Anexos 1 e 2 do Edital<\/a><\/strong><br \/>\n<strong><a href=\"https:\/\/wp.ufpel.edu.br\/ppgq\/files\/2021\/07\/ANEXO-3.docx\">ANEXO 3 &#8211; Tabela de Pontua\u00e7\u00e3o<\/a><\/strong><br \/>\n<strong><a href=\"https:\/\/wp.ufpel.edu.br\/ppgq\/files\/2021\/07\/Autodeclaracao-de-Identidade-de-Genero.docx\">Autodeclara\u00e7\u00e3o de Identidade de G\u00eanero<\/a><\/strong><br \/>\n<strong><a href=\"https:\/\/wp.ufpel.edu.br\/ppgq\/files\/2021\/07\/Declaracao-de-Etnia-1.docx\">Declara\u00e7\u00e3o de Etnia<\/a><\/strong><br \/>\n<strong><a href=\"https:\/\/wp.ufpel.edu.br\/ppgq\/files\/2021\/07\/Requerimento-de-Inscricao-Mestrado-1.docx\">Requerimento de Inscri\u00e7\u00e3o Mestrado<\/a><\/strong><br \/>\n<strong><a href=\"https:\/\/wp.ufpel.edu.br\/ppgq\/files\/2021\/07\/Requerimento-de-Inscricao-Doutorado-1.docx\">Requerimento de Inscri\u00e7\u00e3o Doutorado<\/a><br \/>\n<a href=\"https:\/\/wp.ufpel.edu.br\/ppgq\/files\/2021\/07\/Folder-Selecao-2021-02-3.pdf\">Folder Sele\u00e7\u00e3o<\/a><br \/>\n<\/strong><\/p>\n","protected":false},"excerpt":{"rendered":"<p>Estar\u00e3o abertas as inscri\u00e7\u00f5es para o\u00a0Processo Seletivo de Mestrado e Doutorado do PPGQ,\u00a0entre os dias 01 e 09 de agosto de 2021. Os interessados dever\u00e3o encaminhar para o e-mail\u00a0selecao.ppgq.ufpel@gmail.com, toda a documenta\u00e7\u00e3o digitalizada at\u00e9 o dia 09 de agosto de &hellip; <a href=\"https:\/\/wp.ufpel.edu.br\/ppgq\/2021\/07\/22\/edital-de-selecao-mestrado-e-doutorado-2021-02\/\">Continue lendo <span class=\"meta-nav\">&rarr;<\/span><\/a><\/p>\n","protected":false},"author":93,"featured_media":0,"comment_status":"closed","ping_status":"closed","sticky":false,"template":"","format":"standard","meta":{"footnotes":""},"categories":[4],"tags":[],"class_list":["post-7452","post","type-post","status-publish","format-standard","hentry","category-noticias"],"jetpack_featured_media_url":"","_links":{"self":[{"href":"https:\/\/wp.ufpel.edu.br\/ppgq\/wp-json\/wp\/v2\/posts\/7452","targetHints":{"allow":["GET"]}}],"collection":[{"href":"https:\/\/wp.ufpel.edu.br\/ppgq\/wp-json\/wp\/v2\/posts"}],"about":[{"href":"https:\/\/wp.ufpel.edu.br\/ppgq\/wp-json\/wp\/v2\/types\/post"}],"author":[{"embeddable":true,"href":"https:\/\/wp.ufpel.edu.br\/ppgq\/wp-json\/wp\/v2\/users\/93"}],"replies":[{"embeddable":true,"href":"https:\/\/wp.ufpel.edu.br\/ppgq\/wp-json\/wp\/v2\/comments?post=7452"}],"version-history":[{"count":7,"href":"https:\/\/wp.ufpel.edu.br\/ppgq\/wp-json\/wp\/v2\/posts\/7452\/revisions"}],"predecessor-version":[{"id":7469,"href":"https:\/\/wp.ufpel.edu.br\/ppgq\/wp-json\/wp\/v2\/posts\/7452\/revisions\/7469"}],"wp:attachment":[{"href":"https:\/\/wp.ufpel.edu.br\/ppgq\/wp-json\/wp\/v2\/media?parent=7452"}],"wp:term":[{"taxonomy":"category","embeddable":true,"href":"https:\/\/wp.ufpel.edu.br\/ppgq\/wp-json\/wp\/v2\/categories?post=7452"},{"taxonomy":"post_tag","embeddable":true,"href":"https:\/\/wp.ufpel.edu.br\/ppgq\/wp-json\/wp\/v2\/tags?post=7452"}],"curies":[{"name":"wp","href":"https:\/\/api.w.org\/{rel}","templated":true}]}}