{"id":7014,"date":"2020-02-19T09:20:32","date_gmt":"2020-02-19T12:20:32","guid":{"rendered":"https:\/\/wp.ufpel.edu.br\/ppgq\/?p=7014"},"modified":"2020-02-28T09:03:42","modified_gmt":"2020-02-28T12:03:42","slug":"periodo-de-matriculas-ppgq-2020-01","status":"publish","type":"post","link":"https:\/\/wp.ufpel.edu.br\/ppgq\/2020\/02\/19\/periodo-de-matriculas-ppgq-2020-01\/","title":{"rendered":"Per\u00edodo de Matr\u00edculas PPGQ 2020\/01"},"content":{"rendered":"<p style=\"text-align: justify\">O per\u00edodo de matr\u00edculas e rematr\u00edculas do PPGQ, ser\u00e1 de 17\/02\/2020 a 09\/03\/2020.<\/p>\n<p style=\"text-align: justify\">Para a primeira matr\u00edcula o aluno deve encaminhar por e-mail o formul\u00e1rio de matr\u00edcula (em word) e o termo de compromisso de orienta\u00e7\u00e3o (em PDF).<\/p>\n<p style=\"text-align: justify\">Para a rematr\u00edcula deve ser enviado apenas o formul\u00e1rio de matr\u00edcula (em word).<\/p>\n<p style=\"text-align: justify\">Documentos devidamente assinados pelo aluno e pelo orientador.<\/p>\n<p>OBS.: Os alunos interessados em matricular-se em &#8220;TEFQ &#8211; Qu\u00edmica de Pol\u00edmeros&#8221;, devem manifestar-se at\u00e9 o dia 06\/03\/2020.<\/p>\n<p><a href=\"https:\/\/wp.ufpel.edu.br\/ppgq\/files\/2020\/02\/Formulario-2-Matr\u00edcula-1.docx\">Formulario 2 &#8211; Matr\u00edcula<\/a><\/p>\n<p><a href=\"https:\/\/wp.ufpel.edu.br\/ppgq\/files\/2020\/02\/TERMO-DE-ORIENTA\u00c7\u00c3O-MESTRADO.docx\">TERMO DE ORIENTA\u00c7\u00c3O-MESTRADO<\/a><\/p>\n<p><a href=\"https:\/\/wp.ufpel.edu.br\/ppgq\/files\/2020\/02\/TERMO-DE-ORIENTA\u00c7\u00c3O-DOUTORADO.docx\">TERMO DE ORIENTA\u00c7\u00c3O-DOUTORADO<\/a><\/p>\n<p><a href=\"https:\/\/wp.ufpel.edu.br\/ppgq\/files\/2020\/02\/horarios-2020-1-3.pdf\">Disciplinas e Hor\u00e1rios 2020\/01<\/a><\/p>\n","protected":false},"excerpt":{"rendered":"<p>O per\u00edodo de matr\u00edculas e rematr\u00edculas do PPGQ, ser\u00e1 de 17\/02\/2020 a 09\/03\/2020. Para a primeira matr\u00edcula o aluno deve encaminhar por e-mail o formul\u00e1rio de matr\u00edcula (em word) e o termo de compromisso de orienta\u00e7\u00e3o (em PDF). Para a &hellip; <a href=\"https:\/\/wp.ufpel.edu.br\/ppgq\/2020\/02\/19\/periodo-de-matriculas-ppgq-2020-01\/\">Continue lendo <span class=\"meta-nav\">&rarr;<\/span><\/a><\/p>\n","protected":false},"author":93,"featured_media":0,"comment_status":"closed","ping_status":"closed","sticky":false,"template":"","format":"standard","meta":{"footnotes":""},"categories":[4],"tags":[],"class_list":["post-7014","post","type-post","status-publish","format-standard","hentry","category-noticias"],"jetpack_featured_media_url":"","_links":{"self":[{"href":"https:\/\/wp.ufpel.edu.br\/ppgq\/wp-json\/wp\/v2\/posts\/7014","targetHints":{"allow":["GET"]}}],"collection":[{"href":"https:\/\/wp.ufpel.edu.br\/ppgq\/wp-json\/wp\/v2\/posts"}],"about":[{"href":"https:\/\/wp.ufpel.edu.br\/ppgq\/wp-json\/wp\/v2\/types\/post"}],"author":[{"embeddable":true,"href":"https:\/\/wp.ufpel.edu.br\/ppgq\/wp-json\/wp\/v2\/users\/93"}],"replies":[{"embeddable":true,"href":"https:\/\/wp.ufpel.edu.br\/ppgq\/wp-json\/wp\/v2\/comments?post=7014"}],"version-history":[{"count":8,"href":"https:\/\/wp.ufpel.edu.br\/ppgq\/wp-json\/wp\/v2\/posts\/7014\/revisions"}],"predecessor-version":[{"id":7038,"href":"https:\/\/wp.ufpel.edu.br\/ppgq\/wp-json\/wp\/v2\/posts\/7014\/revisions\/7038"}],"wp:attachment":[{"href":"https:\/\/wp.ufpel.edu.br\/ppgq\/wp-json\/wp\/v2\/media?parent=7014"}],"wp:term":[{"taxonomy":"category","embeddable":true,"href":"https:\/\/wp.ufpel.edu.br\/ppgq\/wp-json\/wp\/v2\/categories?post=7014"},{"taxonomy":"post_tag","embeddable":true,"href":"https:\/\/wp.ufpel.edu.br\/ppgq\/wp-json\/wp\/v2\/tags?post=7014"}],"curies":[{"name":"wp","href":"https:\/\/api.w.org\/{rel}","templated":true}]}}