{"id":6910,"date":"2019-10-30T08:32:35","date_gmt":"2019-10-30T11:32:35","guid":{"rendered":"https:\/\/wp.ufpel.edu.br\/ppgq\/?p=6910"},"modified":"2019-10-30T08:32:35","modified_gmt":"2019-10-30T11:32:35","slug":"docente-do-ppg-quimica-recebe-premio-de-jovem-pesquisador","status":"publish","type":"post","link":"https:\/\/wp.ufpel.edu.br\/ppgq\/2019\/10\/30\/docente-do-ppg-quimica-recebe-premio-de-jovem-pesquisador\/","title":{"rendered":"Docente do PPG Qu\u00edmica recebe Pr\u00eamio de Jovem Pesquisador"},"content":{"rendered":"<div id=\"attachment_6912\" style=\"width: 254px\" class=\"wp-caption alignleft\"><a href=\"https:\/\/wp.ufpel.edu.br\/ppgq\/files\/2019\/10\/A-Premio_Andre-Fajardo.jpg\"><img loading=\"lazy\" decoding=\"async\" aria-describedby=\"caption-attachment-6912\" class=\"wp-image-6912 \" src=\"https:\/\/wp.ufpel.edu.br\/ppgq\/files\/2019\/10\/A-Premio_Andre-Fajardo-184x159.jpg\" alt=\"\" width=\"244\" height=\"211\" srcset=\"https:\/\/wp.ufpel.edu.br\/ppgq\/files\/2019\/10\/A-Premio_Andre-Fajardo-184x159.jpg 184w, https:\/\/wp.ufpel.edu.br\/ppgq\/files\/2019\/10\/A-Premio_Andre-Fajardo-368x318.jpg 368w, https:\/\/wp.ufpel.edu.br\/ppgq\/files\/2019\/10\/A-Premio_Andre-Fajardo-768x664.jpg 768w, https:\/\/wp.ufpel.edu.br\/ppgq\/files\/2019\/10\/A-Premio_Andre-Fajardo.jpg 978w\" sizes=\"auto, (max-width: 244px) 100vw, 244px\" \/><\/a><p id=\"caption-attachment-6912\" class=\"wp-caption-text\">Prof. Rodrigo Lambert Or\u00e9fice da UFMG (esquerda) e Prof. Andr\u00e9 Ricardo Fajardo (direita).<\/p><\/div>\n<p style=\"text-align: justify\">No \u00faltimo dia 27\/10, durante a abertura do 15\u00ba Congresso Brasileiro de Pol\u00edmeros que acontece na cidade de Bento Gon\u00e7alves, o professor Dr. Andr\u00e9 Ricardo Fajardo foi laureado com o Pr\u00eamio Jovem Pesquisador da Associa\u00e7\u00e3o Brasileira de Pol\u00edmeros (ABPol). O Pr\u00eamio, o qual foi ofertado pela primeira vez pela ABPol, tem por objetivo valorizar e incentivar jovens pesquisadores que t\u00eam contribui\u00e7\u00f5es cient\u00edficas importantes na \u00e1rea de pol\u00edmeros e na ci\u00eancia brasileira. Dentre todos os jovens pesquisadores aptos a receber tal premia\u00e7\u00e3o, o Prof. Andr\u00e9 foi o que apresentou os melhores indicadores de produ\u00e7\u00e3o e impacto cient\u00edfico. &#8220;Esse pr\u00eamio \u00e9 de extrema import\u00e2ncia uma vez que valoriza o jovem pesquisador, o qual h\u00e1 muito tempo tem enfrentado in\u00fameras barreiras para se colocar no cen\u00e1rio da ci\u00eancia nacional. Mais que valorizar \u00e9 importante tamb\u00e9m termos pol\u00edticas e projetos para incentivar e assegurar a perman\u00eancia dos jovens pesquisadores nas mais diferentes \u00e1reas da ci\u00eancia&#8221; comenta o laureado.\u00a0 O Prof. Andr\u00e9 \u00e9 atualmente lotado no Centro de Ci\u00eancias Qu\u00edmicas, Farmac\u00eauticas e de Alimentos (CCQFA) e Coordena o Programa de P\u00f3s-Gradua\u00e7\u00e3o em Qu\u00edmica (PPGQ). Com rela\u00e7\u00e3o \u00e0s suas atividades de pesquisa, Andr\u00e9 \u00e9 bolsista pesquisador do CNPq (n\u00edvel 2) e l\u00edder do Laborat\u00f3rio de Tecnologia e Desenvolvimento de Comp\u00f3sitos e Materiais Polim\u00e9ricos (LaCoPol), o qual tem como enfoque principal o desenvolvimento e aplica\u00e7\u00e3o de materiais formulados a partir de pol\u00edmeros naturais visando sua aplica\u00e7\u00e3o em diferentes \u00e1reas. Para saber mais sobre as atividades de pesquisa do grupo liderado pelo Prof. Andr\u00e9 acesse o site: <a href=\"https:\/\/wp.ufpel.edu.br\/nulab\/lacopol\/\" target=\"_blank\" rel=\"noopener noreferrer\" data-auth=\"NotApplicable\">https:\/\/wp.ufpel.edu.br\/nulab\/lacopol\/<\/a><\/p>\n","protected":false},"excerpt":{"rendered":"<p>No \u00faltimo dia 27\/10, durante a abertura do 15\u00ba Congresso Brasileiro de Pol\u00edmeros que acontece na cidade de Bento Gon\u00e7alves, o professor Dr. Andr\u00e9 Ricardo Fajardo foi laureado com o Pr\u00eamio Jovem Pesquisador da Associa\u00e7\u00e3o Brasileira de Pol\u00edmeros (ABPol). O &hellip; <a href=\"https:\/\/wp.ufpel.edu.br\/ppgq\/2019\/10\/30\/docente-do-ppg-quimica-recebe-premio-de-jovem-pesquisador\/\">Continue lendo <span class=\"meta-nav\">&rarr;<\/span><\/a><\/p>\n","protected":false},"author":93,"featured_media":0,"comment_status":"closed","ping_status":"closed","sticky":false,"template":"","format":"standard","meta":{"footnotes":""},"categories":[4],"tags":[],"class_list":["post-6910","post","type-post","status-publish","format-standard","hentry","category-noticias"],"jetpack_featured_media_url":"","_links":{"self":[{"href":"https:\/\/wp.ufpel.edu.br\/ppgq\/wp-json\/wp\/v2\/posts\/6910","targetHints":{"allow":["GET"]}}],"collection":[{"href":"https:\/\/wp.ufpel.edu.br\/ppgq\/wp-json\/wp\/v2\/posts"}],"about":[{"href":"https:\/\/wp.ufpel.edu.br\/ppgq\/wp-json\/wp\/v2\/types\/post"}],"author":[{"embeddable":true,"href":"https:\/\/wp.ufpel.edu.br\/ppgq\/wp-json\/wp\/v2\/users\/93"}],"replies":[{"embeddable":true,"href":"https:\/\/wp.ufpel.edu.br\/ppgq\/wp-json\/wp\/v2\/comments?post=6910"}],"version-history":[{"count":5,"href":"https:\/\/wp.ufpel.edu.br\/ppgq\/wp-json\/wp\/v2\/posts\/6910\/revisions"}],"predecessor-version":[{"id":6917,"href":"https:\/\/wp.ufpel.edu.br\/ppgq\/wp-json\/wp\/v2\/posts\/6910\/revisions\/6917"}],"wp:attachment":[{"href":"https:\/\/wp.ufpel.edu.br\/ppgq\/wp-json\/wp\/v2\/media?parent=6910"}],"wp:term":[{"taxonomy":"category","embeddable":true,"href":"https:\/\/wp.ufpel.edu.br\/ppgq\/wp-json\/wp\/v2\/categories?post=6910"},{"taxonomy":"post_tag","embeddable":true,"href":"https:\/\/wp.ufpel.edu.br\/ppgq\/wp-json\/wp\/v2\/tags?post=6910"}],"curies":[{"name":"wp","href":"https:\/\/api.w.org\/{rel}","templated":true}]}}