{"id":6830,"date":"2019-09-25T09:10:28","date_gmt":"2019-09-25T12:10:28","guid":{"rendered":"https:\/\/wp.ufpel.edu.br\/ppgq\/?p=6830"},"modified":"2019-09-25T09:10:28","modified_gmt":"2019-09-25T12:10:28","slug":"convite-seminario-prof-a-maysa-furlan","status":"publish","type":"post","link":"https:\/\/wp.ufpel.edu.br\/ppgq\/2019\/09\/25\/convite-seminario-prof-a-maysa-furlan\/","title":{"rendered":"Convite Semin\u00e1rio &#8211; Prof.\u00aa Maysa Furlan"},"content":{"rendered":"<p style=\"text-align: justify\">O PPGQ convida todos a assistir semin\u00e1rio intitulado\u00a0<strong>\u201c<\/strong><strong>P\u00f3s-Gradua\u00e7\u00e3o em Qu\u00edmica: Avalia\u00e7\u00e3o, Realidade e Perspectivas\u201d<\/strong>, ministrado pela <strong>Prof.\u00aa Dr.\u00aa Maysa Furlan<\/strong>,<strong> da UNESP \u2013 Araraquara, Coordenadora Adjunta da \u00e1rea de Qu\u00edmica na CAPES, <\/strong>na pr\u00f3xima sexta-feira, dia 27\/09\/2019, no Miniaudit\u00f3rio do CCQFA, a partir das 09h.<\/p>\n","protected":false},"excerpt":{"rendered":"<p>O PPGQ convida todos a assistir semin\u00e1rio intitulado\u00a0\u201cP\u00f3s-Gradua\u00e7\u00e3o em Qu\u00edmica: Avalia\u00e7\u00e3o, Realidade e Perspectivas\u201d, ministrado pela Prof.\u00aa Dr.\u00aa Maysa Furlan, da UNESP \u2013 Araraquara, Coordenadora Adjunta da \u00e1rea de Qu\u00edmica na CAPES, na pr\u00f3xima sexta-feira, dia 27\/09\/2019, no Miniaudit\u00f3rio do &hellip; <a href=\"https:\/\/wp.ufpel.edu.br\/ppgq\/2019\/09\/25\/convite-seminario-prof-a-maysa-furlan\/\">Continue lendo <span class=\"meta-nav\">&rarr;<\/span><\/a><\/p>\n","protected":false},"author":93,"featured_media":0,"comment_status":"closed","ping_status":"closed","sticky":false,"template":"","format":"standard","meta":{"footnotes":""},"categories":[10799],"tags":[],"class_list":["post-6830","post","type-post","status-publish","format-standard","hentry","category-seminarios"],"jetpack_featured_media_url":"","_links":{"self":[{"href":"https:\/\/wp.ufpel.edu.br\/ppgq\/wp-json\/wp\/v2\/posts\/6830","targetHints":{"allow":["GET"]}}],"collection":[{"href":"https:\/\/wp.ufpel.edu.br\/ppgq\/wp-json\/wp\/v2\/posts"}],"about":[{"href":"https:\/\/wp.ufpel.edu.br\/ppgq\/wp-json\/wp\/v2\/types\/post"}],"author":[{"embeddable":true,"href":"https:\/\/wp.ufpel.edu.br\/ppgq\/wp-json\/wp\/v2\/users\/93"}],"replies":[{"embeddable":true,"href":"https:\/\/wp.ufpel.edu.br\/ppgq\/wp-json\/wp\/v2\/comments?post=6830"}],"version-history":[{"count":1,"href":"https:\/\/wp.ufpel.edu.br\/ppgq\/wp-json\/wp\/v2\/posts\/6830\/revisions"}],"predecessor-version":[{"id":6832,"href":"https:\/\/wp.ufpel.edu.br\/ppgq\/wp-json\/wp\/v2\/posts\/6830\/revisions\/6832"}],"wp:attachment":[{"href":"https:\/\/wp.ufpel.edu.br\/ppgq\/wp-json\/wp\/v2\/media?parent=6830"}],"wp:term":[{"taxonomy":"category","embeddable":true,"href":"https:\/\/wp.ufpel.edu.br\/ppgq\/wp-json\/wp\/v2\/categories?post=6830"},{"taxonomy":"post_tag","embeddable":true,"href":"https:\/\/wp.ufpel.edu.br\/ppgq\/wp-json\/wp\/v2\/tags?post=6830"}],"curies":[{"name":"wp","href":"https:\/\/api.w.org\/{rel}","templated":true}]}}