{"id":6684,"date":"2019-06-24T14:33:40","date_gmt":"2019-06-24T17:33:40","guid":{"rendered":"https:\/\/wp.ufpel.edu.br\/ppgq\/?p=6684"},"modified":"2019-06-24T14:33:40","modified_gmt":"2019-06-24T17:33:40","slug":"prazo-prorrogado-selecao-bolsista-pnpd-ppgq-ufpel-2019-01","status":"publish","type":"post","link":"https:\/\/wp.ufpel.edu.br\/ppgq\/2019\/06\/24\/prazo-prorrogado-selecao-bolsista-pnpd-ppgq-ufpel-2019-01\/","title":{"rendered":"PRAZO PRORROGADO &#8211; Sele\u00e7\u00e3o Bolsista PNPD \u2013 PPGQ \/ UFPel 2019-01"},"content":{"rendered":"<p style=\"text-align: justify\">O Programa de P\u00f3s-Gradua\u00e7\u00e3o em Qu\u00edmica da Universidade Federal de Pelotas (PPGQ-UFPel) est\u00e1 selecionando\u00a001 (um) rec\u00e9m-doutor para atuar no subprojeto\u00a0<strong>Qu\u00edmica de Produtos Naturais<\/strong>\u00a0aprovado no\u00a0<strong>Programa Nacional de P\u00f3s-Doutorado \u2013 CAPES \/ PNPD<\/strong>.<br \/>\nO per\u00edodo de inscri\u00e7\u00f5es foi prorrogado para 19\/06 a 02\/07\/2019.<\/p>\n<p style=\"text-align: justify\">Para mais informa\u00e7\u00f5es, veja o\u00a0Edital em Anexo.<\/p>\n<p><a href=\"https:\/\/wp.ufpel.edu.br\/ppgq\/files\/2019\/06\/Edital-PNPD-2019-1-Prorroga\u00e7\u00e3o.pdf\">Edital PNPD 2019 1 &#8211; Prorroga\u00e7\u00e3o<\/a><\/p>\n","protected":false},"excerpt":{"rendered":"<p>Inscri\u00e7\u00f5es de 19\/06 a 02\/07\/2019. <a href=\"https:\/\/wp.ufpel.edu.br\/ppgq\/2019\/06\/24\/prazo-prorrogado-selecao-bolsista-pnpd-ppgq-ufpel-2019-01\/\">Continue lendo <span class=\"meta-nav\">&rarr;<\/span><\/a><\/p>\n","protected":false},"author":93,"featured_media":0,"comment_status":"closed","ping_status":"closed","sticky":false,"template":"","format":"standard","meta":{"footnotes":""},"categories":[4],"tags":[],"class_list":["post-6684","post","type-post","status-publish","format-standard","hentry","category-noticias"],"jetpack_featured_media_url":"","_links":{"self":[{"href":"https:\/\/wp.ufpel.edu.br\/ppgq\/wp-json\/wp\/v2\/posts\/6684","targetHints":{"allow":["GET"]}}],"collection":[{"href":"https:\/\/wp.ufpel.edu.br\/ppgq\/wp-json\/wp\/v2\/posts"}],"about":[{"href":"https:\/\/wp.ufpel.edu.br\/ppgq\/wp-json\/wp\/v2\/types\/post"}],"author":[{"embeddable":true,"href":"https:\/\/wp.ufpel.edu.br\/ppgq\/wp-json\/wp\/v2\/users\/93"}],"replies":[{"embeddable":true,"href":"https:\/\/wp.ufpel.edu.br\/ppgq\/wp-json\/wp\/v2\/comments?post=6684"}],"version-history":[{"count":2,"href":"https:\/\/wp.ufpel.edu.br\/ppgq\/wp-json\/wp\/v2\/posts\/6684\/revisions"}],"predecessor-version":[{"id":6688,"href":"https:\/\/wp.ufpel.edu.br\/ppgq\/wp-json\/wp\/v2\/posts\/6684\/revisions\/6688"}],"wp:attachment":[{"href":"https:\/\/wp.ufpel.edu.br\/ppgq\/wp-json\/wp\/v2\/media?parent=6684"}],"wp:term":[{"taxonomy":"category","embeddable":true,"href":"https:\/\/wp.ufpel.edu.br\/ppgq\/wp-json\/wp\/v2\/categories?post=6684"},{"taxonomy":"post_tag","embeddable":true,"href":"https:\/\/wp.ufpel.edu.br\/ppgq\/wp-json\/wp\/v2\/tags?post=6684"}],"curies":[{"name":"wp","href":"https:\/\/api.w.org\/{rel}","templated":true}]}}