{"id":6670,"date":"2019-06-04T14:20:20","date_gmt":"2019-06-04T17:20:20","guid":{"rendered":"https:\/\/wp.ufpel.edu.br\/ppgq\/?p=6670"},"modified":"2019-06-04T14:20:20","modified_gmt":"2019-06-04T17:20:20","slug":"atencao-edital-de-selecao-2019-02","status":"publish","type":"post","link":"https:\/\/wp.ufpel.edu.br\/ppgq\/2019\/06\/04\/atencao-edital-de-selecao-2019-02\/","title":{"rendered":"ATEN\u00c7\u00c3O \u2013 Edital de Sele\u00e7\u00e3o 2019\/02"},"content":{"rendered":"<p style=\"text-align: justify\">Estar\u00e3o abertas as inscri\u00e7\u00f5es para o\u00a0Processo Seletivo de Mestrado e Doutorado do PPGQ,\u00a0<strong>entre os dias 10 e 28 de junho de 2019<\/strong>.<br \/>\nOs interessados dever\u00e3o encaminhar para o e-mail\u00a0<strong>ppgq.ufpel@hotmail.com<\/strong>, toda a documenta\u00e7\u00e3o digitalizada at\u00e9 o dia 28 de junho de 2019, com exce\u00e7\u00e3o dos comprovantes do Anexo 3, que ser\u00e3o entregues no dia da prova.<br \/>\nOs candidatos que tiveram sua inscri\u00e7\u00e3o homologada dever\u00e3o comparecer \u00e0\u00a0<strong>prova escrita<\/strong>, marcada para o dia\u00a0<strong>08 de julho de 2019<\/strong>, segunda-feira, \u00e0s 9h, na Secretaria do PPGQ.<\/p>\n<p><strong>Seguem os documentos importantes:<br \/>\n<a href=\"https:\/\/wp.ufpel.edu.br\/ppgq\/files\/2019\/06\/Edital-de-Sele\u00e7\u00e3o-2019-02-assinado-com-anexos.pdf\">Edital de Sele\u00e7\u00e3o 2019-02<\/a><br \/>\n<a href=\"https:\/\/wp.ufpel.edu.br\/ppgq\/files\/2019\/06\/ANEXO-3-Tabela-de-Pontua\u00e7\u00e3o.docx\">ANEXO 3 &#8211; Tabela de Pontua\u00e7\u00e3o<\/a><br \/>\n<a href=\"https:\/\/wp.ufpel.edu.br\/ppgq\/files\/2019\/06\/Declara\u00e7\u00e3o-de-Etnia-2019.02.docx\">Declara\u00e7\u00e3o de Etnia &#8211; 2019.02<\/a><br \/>\n<a href=\"https:\/\/wp.ufpel.edu.br\/ppgq\/files\/2019\/06\/Requerimento-de-Inscri\u00e7\u00e3o-Mestrado-2019.02.docx\">Requerimento de Inscri\u00e7\u00e3o Mestrado &#8211; 2019.02<\/a><br \/>\n<a href=\"https:\/\/wp.ufpel.edu.br\/ppgq\/files\/2019\/06\/Requerimento-de-Inscri\u00e7\u00e3o-Doutorado-2019.02-2.docx\">Requerimento de Inscri\u00e7\u00e3o Doutorado &#8211; 2019.02<\/a><\/strong><\/p>\n","protected":false},"excerpt":{"rendered":"<p>Inscri\u00e7\u00f5es de 10 a 28 de junho de 2019. <a href=\"https:\/\/wp.ufpel.edu.br\/ppgq\/2019\/06\/04\/atencao-edital-de-selecao-2019-02\/\">Continue lendo <span class=\"meta-nav\">&rarr;<\/span><\/a><\/p>\n","protected":false},"author":93,"featured_media":0,"comment_status":"closed","ping_status":"closed","sticky":false,"template":"","format":"standard","meta":{"footnotes":""},"categories":[4],"tags":[],"class_list":["post-6670","post","type-post","status-publish","format-standard","hentry","category-noticias"],"jetpack_featured_media_url":"","_links":{"self":[{"href":"https:\/\/wp.ufpel.edu.br\/ppgq\/wp-json\/wp\/v2\/posts\/6670","targetHints":{"allow":["GET"]}}],"collection":[{"href":"https:\/\/wp.ufpel.edu.br\/ppgq\/wp-json\/wp\/v2\/posts"}],"about":[{"href":"https:\/\/wp.ufpel.edu.br\/ppgq\/wp-json\/wp\/v2\/types\/post"}],"author":[{"embeddable":true,"href":"https:\/\/wp.ufpel.edu.br\/ppgq\/wp-json\/wp\/v2\/users\/93"}],"replies":[{"embeddable":true,"href":"https:\/\/wp.ufpel.edu.br\/ppgq\/wp-json\/wp\/v2\/comments?post=6670"}],"version-history":[{"count":2,"href":"https:\/\/wp.ufpel.edu.br\/ppgq\/wp-json\/wp\/v2\/posts\/6670\/revisions"}],"predecessor-version":[{"id":6680,"href":"https:\/\/wp.ufpel.edu.br\/ppgq\/wp-json\/wp\/v2\/posts\/6670\/revisions\/6680"}],"wp:attachment":[{"href":"https:\/\/wp.ufpel.edu.br\/ppgq\/wp-json\/wp\/v2\/media?parent=6670"}],"wp:term":[{"taxonomy":"category","embeddable":true,"href":"https:\/\/wp.ufpel.edu.br\/ppgq\/wp-json\/wp\/v2\/categories?post=6670"},{"taxonomy":"post_tag","embeddable":true,"href":"https:\/\/wp.ufpel.edu.br\/ppgq\/wp-json\/wp\/v2\/tags?post=6670"}],"curies":[{"name":"wp","href":"https:\/\/api.w.org\/{rel}","templated":true}]}}