{"id":6589,"date":"2019-04-08T16:13:21","date_gmt":"2019-04-08T19:13:21","guid":{"rendered":"https:\/\/wp.ufpel.edu.br\/ppgq\/?p=6589"},"modified":"2019-04-08T16:13:21","modified_gmt":"2019-04-08T19:13:21","slug":"convite-seminarios-professores-da-ufsm","status":"publish","type":"post","link":"https:\/\/wp.ufpel.edu.br\/ppgq\/2019\/04\/08\/convite-seminarios-professores-da-ufsm\/","title":{"rendered":"Convite Semin\u00e1rios &#8211; Professores da UFSM"},"content":{"rendered":"<p>O PPGQ\u00a0 convida todos a assistir dois semin\u00e1rios de professores da UFSM, que ser\u00e3o realizados na pr\u00f3xima sexta-feira, dia <strong>12 de abril de 2019<\/strong>, a partir das <strong>13h e 30min<\/strong> no Miniaudit\u00f3rio do CCQFA.<\/p>\n<p style=\"text-align: justify\">O primeiro intitulado\u00a0<strong>\u201c<\/strong><strong>Seeing is Believing &#8211; Microscopia de Forca At\u00f4mica para Investigar Mol\u00e9culas, Materiais e Nanoestruturas\u201d<\/strong>, que ser\u00e1 ministrado pelo <strong>Prof. Thiago Augusto de Lima Burgo.<br \/>\n<\/strong>Sobre o Prof. Thiago Augusto de Lima Burgo:<br \/>\nQu\u00edmico formado pela Universidade Estadual de Maring\u00e1. Realizou mestrado e doutorado pelo Departamento de F\u00edsico-Qu\u00edmica do Instituto de Qu\u00edmica da UNICAMP, sob orienta\u00e7\u00e3o do Professor Fernando Galembeck. Foi Visiting Scientist no departamento de Bioengenharia da Universidade de Washington (Seattle, USA) e fez est\u00e1gio de p\u00f3s-doutorado no Argonne National Laboratory (Chicago, USA). Tem interesse em propriedades de superf\u00edcie (funcionaliza\u00e7\u00e3o, tribologia), energia e sistemas coloidais. \u00c9 Professor Adjunto do Departamento de F\u00edsica da Universidade Federal de Santa Maria. Trabalha com microscopia de for\u00e7a at\u00f4mica e seus diversos modos e atualmente vem explorando fen\u00f4menos tribol\u00f3gicos correlacionados com propriedades eletro-eletr\u00f4nicas de materiais.<\/p>\n<p style=\"text-align: justify\">O segundo intitulado\u00a0<strong>\u201c<\/strong><strong>Photodynamic Therapy Application: Fundamentals and New Features\u201d<\/strong>, que ser\u00e1 ministrado pelo <strong>Prof. Bernardo Almeida Iglesias.<\/strong><br \/>\nSobre o Prof. Bernardo Almeida Iglesias:<br \/>\nQu\u00edmico formado pela Universidade Federal de Santa Maria. Realizou mestrado pelo Departamento de Qu\u00edmica UFSM, sob orienta\u00e7\u00e3o do Prof Manfredo Horner e doutorado pelo Instituto de Qu\u00edmica da USP, sob orienta\u00e7\u00e3o do Prof Koiti Araki. Realizou est\u00e1gio de p\u00f3s-doutoramento na Universidade de Aveiro e na Universidade Federal de Santa Catarina. Tem interesse em s\u00edntese de novos derivados porfir\u00ednicos, fotof\u00edsica\/fotobiologia de sistemas porfir\u00ednicos, bem como aplica\u00e7\u00e3o em terapia fotodin\u00e2mica, fotoinativa\u00e7\u00e3o de microorganismos e intera\u00e7\u00e3o com biomol\u00e9culas. Atualmente \u00e9 Professor Adjunto do Departamento de Qu\u00edmica da Universidade Federal de Santa Maria e PQ N\u00edvel 2 do CNPq.<\/p>\n","protected":false},"excerpt":{"rendered":"<p>\u201cSeeing is Believing &#8211; Microscopia de Forca At\u00f4mica para Investigar Mol\u00e9culas, Materiais e Nanoestruturas\u201d<br \/>\n\u201cPhotodynamic Therapy Application: Fundamentals and New Features\u201d <a href=\"https:\/\/wp.ufpel.edu.br\/ppgq\/2019\/04\/08\/convite-seminarios-professores-da-ufsm\/\">Continue lendo <span class=\"meta-nav\">&rarr;<\/span><\/a><\/p>\n","protected":false},"author":93,"featured_media":0,"comment_status":"closed","ping_status":"closed","sticky":false,"template":"","format":"standard","meta":{"footnotes":""},"categories":[10799],"tags":[],"class_list":["post-6589","post","type-post","status-publish","format-standard","hentry","category-seminarios"],"jetpack_featured_media_url":"","_links":{"self":[{"href":"https:\/\/wp.ufpel.edu.br\/ppgq\/wp-json\/wp\/v2\/posts\/6589","targetHints":{"allow":["GET"]}}],"collection":[{"href":"https:\/\/wp.ufpel.edu.br\/ppgq\/wp-json\/wp\/v2\/posts"}],"about":[{"href":"https:\/\/wp.ufpel.edu.br\/ppgq\/wp-json\/wp\/v2\/types\/post"}],"author":[{"embeddable":true,"href":"https:\/\/wp.ufpel.edu.br\/ppgq\/wp-json\/wp\/v2\/users\/93"}],"replies":[{"embeddable":true,"href":"https:\/\/wp.ufpel.edu.br\/ppgq\/wp-json\/wp\/v2\/comments?post=6589"}],"version-history":[{"count":1,"href":"https:\/\/wp.ufpel.edu.br\/ppgq\/wp-json\/wp\/v2\/posts\/6589\/revisions"}],"predecessor-version":[{"id":6591,"href":"https:\/\/wp.ufpel.edu.br\/ppgq\/wp-json\/wp\/v2\/posts\/6589\/revisions\/6591"}],"wp:attachment":[{"href":"https:\/\/wp.ufpel.edu.br\/ppgq\/wp-json\/wp\/v2\/media?parent=6589"}],"wp:term":[{"taxonomy":"category","embeddable":true,"href":"https:\/\/wp.ufpel.edu.br\/ppgq\/wp-json\/wp\/v2\/categories?post=6589"},{"taxonomy":"post_tag","embeddable":true,"href":"https:\/\/wp.ufpel.edu.br\/ppgq\/wp-json\/wp\/v2\/tags?post=6589"}],"curies":[{"name":"wp","href":"https:\/\/api.w.org\/{rel}","templated":true}]}}