{"id":6583,"date":"2019-04-01T15:01:06","date_gmt":"2019-04-01T18:01:06","guid":{"rendered":"https:\/\/wp.ufpel.edu.br\/ppgq\/?p=6583"},"modified":"2019-04-02T11:10:10","modified_gmt":"2019-04-02T14:10:10","slug":"convite-seminario-prof-rafael-vitromille-castro","status":"publish","type":"post","link":"https:\/\/wp.ufpel.edu.br\/ppgq\/2019\/04\/01\/convite-seminario-prof-rafael-vitromille-castro\/","title":{"rendered":"Convite Semin\u00e1rio Prof. Rafael Vetromille Castro"},"content":{"rendered":"<p style=\"text-align: justify\">Convidamos todos a assistir o semin\u00e1rio intitulado\u00a0<strong>\u201c<\/strong><strong>P\u00f3s-Gradua\u00e7\u00e3o na UFPel &#8211; Vis\u00e3o Geral, Possibilidades e Perspectivas Futuras<\/strong><strong>\u201d<\/strong>, que ser\u00e1 ministrado pelo <strong>Prof. Rafael Vetromille Castro<\/strong>, Coordenador de P\u00f3s-Gradua\u00e7\u00e3o da UFPel, no dia 03\/04\/2019, quarta-feira, \u00e0s 10h00, no Miniaudit\u00f3rio do CCQFA.<\/p>\n","protected":false},"excerpt":{"rendered":"<p>\u201cP\u00f3s-Gradua\u00e7\u00e3o na UFPel &#8211; Vis\u00e3o Geral, Possibilidades e Perspectivas Futuras\u201d <a href=\"https:\/\/wp.ufpel.edu.br\/ppgq\/2019\/04\/01\/convite-seminario-prof-rafael-vitromille-castro\/\">Continue lendo <span class=\"meta-nav\">&rarr;<\/span><\/a><\/p>\n","protected":false},"author":93,"featured_media":0,"comment_status":"closed","ping_status":"closed","sticky":false,"template":"","format":"standard","meta":{"footnotes":""},"categories":[10799],"tags":[],"class_list":["post-6583","post","type-post","status-publish","format-standard","hentry","category-seminarios"],"jetpack_featured_media_url":"","_links":{"self":[{"href":"https:\/\/wp.ufpel.edu.br\/ppgq\/wp-json\/wp\/v2\/posts\/6583","targetHints":{"allow":["GET"]}}],"collection":[{"href":"https:\/\/wp.ufpel.edu.br\/ppgq\/wp-json\/wp\/v2\/posts"}],"about":[{"href":"https:\/\/wp.ufpel.edu.br\/ppgq\/wp-json\/wp\/v2\/types\/post"}],"author":[{"embeddable":true,"href":"https:\/\/wp.ufpel.edu.br\/ppgq\/wp-json\/wp\/v2\/users\/93"}],"replies":[{"embeddable":true,"href":"https:\/\/wp.ufpel.edu.br\/ppgq\/wp-json\/wp\/v2\/comments?post=6583"}],"version-history":[{"count":3,"href":"https:\/\/wp.ufpel.edu.br\/ppgq\/wp-json\/wp\/v2\/posts\/6583\/revisions"}],"predecessor-version":[{"id":6587,"href":"https:\/\/wp.ufpel.edu.br\/ppgq\/wp-json\/wp\/v2\/posts\/6583\/revisions\/6587"}],"wp:attachment":[{"href":"https:\/\/wp.ufpel.edu.br\/ppgq\/wp-json\/wp\/v2\/media?parent=6583"}],"wp:term":[{"taxonomy":"category","embeddable":true,"href":"https:\/\/wp.ufpel.edu.br\/ppgq\/wp-json\/wp\/v2\/categories?post=6583"},{"taxonomy":"post_tag","embeddable":true,"href":"https:\/\/wp.ufpel.edu.br\/ppgq\/wp-json\/wp\/v2\/tags?post=6583"}],"curies":[{"name":"wp","href":"https:\/\/api.w.org\/{rel}","templated":true}]}}