{"id":6579,"date":"2019-03-27T11:25:16","date_gmt":"2019-03-27T14:25:16","guid":{"rendered":"https:\/\/wp.ufpel.edu.br\/ppgq\/?p=6579"},"modified":"2019-03-27T11:25:16","modified_gmt":"2019-03-27T14:25:16","slug":"convite-defesa-de-tese","status":"publish","type":"post","link":"https:\/\/wp.ufpel.edu.br\/ppgq\/2019\/03\/27\/convite-defesa-de-tese\/","title":{"rendered":"Convite Defesa de Tese"},"content":{"rendered":"<p style=\"text-align: justify\">O PPGQ convida todos a assistirem a defesa de Tese de Doutorado da aluna\u00a0<strong>Renata Azevedo Balaguez<\/strong>, intitulada\u00a0<strong>\u201c<\/strong><strong>N-Heterociclos funcionalizados com Enxofre e Sel\u00eanio: S\u00edntese de 1,3-benzosselenaz\u00f3is 2-acilsubstitu\u00eddos e bis-4,7-arilcalcogenil benzo-2,1,3-calcogenadiaz\u00f3is\u201d<\/strong>, cuja banca examinadora ser\u00e1 formada pelo orientador, Prof. Dr. Diego da Silva Alves (Presidente) e pelos seguintes membros titulares: Prof. Dr. Diogo Seibert L\u00fcdtke (UFRGS), Prof. Dr. Juliano Alex Roehrs (IF-Sul) e Prof. Dr. Gelson Perin (PPGQ \u2013 UFPel), a realizar-se no dia <strong>29 de mar\u00e7o de 2019, sexta-feira, \u00e0s 14h<\/strong>,\u00a0no Miniaudit\u00f3rio do\u00a0CCQFA.<\/p>\n","protected":false},"excerpt":{"rendered":"<p>\u201cN-Heterociclos funcionalizados com Enxofre e Sel\u00eanio: S\u00edntese de 1,3-benzosselenaz\u00f3is 2-acilsubstitu\u00eddos e bis-4,7-arilcalcogenil benzo-2,1,3-calcogenadiaz\u00f3is\u201d <a href=\"https:\/\/wp.ufpel.edu.br\/ppgq\/2019\/03\/27\/convite-defesa-de-tese\/\">Continue lendo <span class=\"meta-nav\">&rarr;<\/span><\/a><\/p>\n","protected":false},"author":93,"featured_media":0,"comment_status":"closed","ping_status":"closed","sticky":false,"template":"","format":"standard","meta":{"footnotes":""},"categories":[4],"tags":[],"class_list":["post-6579","post","type-post","status-publish","format-standard","hentry","category-noticias"],"jetpack_featured_media_url":"","_links":{"self":[{"href":"https:\/\/wp.ufpel.edu.br\/ppgq\/wp-json\/wp\/v2\/posts\/6579","targetHints":{"allow":["GET"]}}],"collection":[{"href":"https:\/\/wp.ufpel.edu.br\/ppgq\/wp-json\/wp\/v2\/posts"}],"about":[{"href":"https:\/\/wp.ufpel.edu.br\/ppgq\/wp-json\/wp\/v2\/types\/post"}],"author":[{"embeddable":true,"href":"https:\/\/wp.ufpel.edu.br\/ppgq\/wp-json\/wp\/v2\/users\/93"}],"replies":[{"embeddable":true,"href":"https:\/\/wp.ufpel.edu.br\/ppgq\/wp-json\/wp\/v2\/comments?post=6579"}],"version-history":[{"count":1,"href":"https:\/\/wp.ufpel.edu.br\/ppgq\/wp-json\/wp\/v2\/posts\/6579\/revisions"}],"predecessor-version":[{"id":6581,"href":"https:\/\/wp.ufpel.edu.br\/ppgq\/wp-json\/wp\/v2\/posts\/6579\/revisions\/6581"}],"wp:attachment":[{"href":"https:\/\/wp.ufpel.edu.br\/ppgq\/wp-json\/wp\/v2\/media?parent=6579"}],"wp:term":[{"taxonomy":"category","embeddable":true,"href":"https:\/\/wp.ufpel.edu.br\/ppgq\/wp-json\/wp\/v2\/categories?post=6579"},{"taxonomy":"post_tag","embeddable":true,"href":"https:\/\/wp.ufpel.edu.br\/ppgq\/wp-json\/wp\/v2\/tags?post=6579"}],"curies":[{"name":"wp","href":"https:\/\/api.w.org\/{rel}","templated":true}]}}