{"id":6532,"date":"2019-02-21T12:26:28","date_gmt":"2019-02-21T15:26:28","guid":{"rendered":"https:\/\/wp.ufpel.edu.br\/ppgq\/?p=6532"},"modified":"2019-02-21T12:27:51","modified_gmt":"2019-02-21T15:27:51","slug":"i-epgq-sul-inscricoes-prorrogadas","status":"publish","type":"post","link":"https:\/\/wp.ufpel.edu.br\/ppgq\/2019\/02\/21\/i-epgq-sul-inscricoes-prorrogadas\/","title":{"rendered":"I EPGQ-Sul \u2013 Inscri\u00e7\u00f5es Prorrogadas"},"content":{"rendered":"<p style=\"text-align: justify\">O prazo para inscri\u00e7\u00f5es e submiss\u00e3o de resumos para o<strong>\u00a0\u201cI Encontro de P\u00f3s-Gradua\u00e7\u00e3o em Qu\u00edmica da Metade Sul do Rio Grande \u2013 EPGQ-Sul\u201d,\u00a0<\/strong>foi prorrogado at\u00e9 o dia <strong>28 de fevereiro de 2019<\/strong>.<br \/>\nAs inscri\u00e7\u00f5es s\u00e3o\u00a0gratuitas\u00a0e podem ser feitas pessoalmente, nas secretarias das P\u00f3s-Gradua\u00e7\u00f5es em Qu\u00edmica da UFPel ou FURG, ou via site, enviando a ficha de inscri\u00e7\u00e3o preenchida.<br \/>\nMaiores informa\u00e7\u00f5es no site:\u00a0<a href=\"https:\/\/wp.ufpel.edu.br\/epgqsul\/\">https:\/\/wp.ufpel.edu.br\/epgqsul\/<\/a><\/p>\n","protected":false},"excerpt":{"rendered":"<p>At\u00e9 dia 28\/02\/2019. <a href=\"https:\/\/wp.ufpel.edu.br\/ppgq\/2019\/02\/21\/i-epgq-sul-inscricoes-prorrogadas\/\">Continue lendo <span class=\"meta-nav\">&rarr;<\/span><\/a><\/p>\n","protected":false},"author":93,"featured_media":0,"comment_status":"closed","ping_status":"closed","sticky":false,"template":"","format":"standard","meta":{"footnotes":""},"categories":[4],"tags":[],"class_list":["post-6532","post","type-post","status-publish","format-standard","hentry","category-noticias"],"jetpack_featured_media_url":"","_links":{"self":[{"href":"https:\/\/wp.ufpel.edu.br\/ppgq\/wp-json\/wp\/v2\/posts\/6532","targetHints":{"allow":["GET"]}}],"collection":[{"href":"https:\/\/wp.ufpel.edu.br\/ppgq\/wp-json\/wp\/v2\/posts"}],"about":[{"href":"https:\/\/wp.ufpel.edu.br\/ppgq\/wp-json\/wp\/v2\/types\/post"}],"author":[{"embeddable":true,"href":"https:\/\/wp.ufpel.edu.br\/ppgq\/wp-json\/wp\/v2\/users\/93"}],"replies":[{"embeddable":true,"href":"https:\/\/wp.ufpel.edu.br\/ppgq\/wp-json\/wp\/v2\/comments?post=6532"}],"version-history":[{"count":2,"href":"https:\/\/wp.ufpel.edu.br\/ppgq\/wp-json\/wp\/v2\/posts\/6532\/revisions"}],"predecessor-version":[{"id":6535,"href":"https:\/\/wp.ufpel.edu.br\/ppgq\/wp-json\/wp\/v2\/posts\/6532\/revisions\/6535"}],"wp:attachment":[{"href":"https:\/\/wp.ufpel.edu.br\/ppgq\/wp-json\/wp\/v2\/media?parent=6532"}],"wp:term":[{"taxonomy":"category","embeddable":true,"href":"https:\/\/wp.ufpel.edu.br\/ppgq\/wp-json\/wp\/v2\/categories?post=6532"},{"taxonomy":"post_tag","embeddable":true,"href":"https:\/\/wp.ufpel.edu.br\/ppgq\/wp-json\/wp\/v2\/tags?post=6532"}],"curies":[{"name":"wp","href":"https:\/\/api.w.org\/{rel}","templated":true}]}}