{"id":6329,"date":"2018-08-10T09:39:27","date_gmt":"2018-08-10T12:39:27","guid":{"rendered":"https:\/\/wp.ufpel.edu.br\/ppgq\/?p=6329"},"modified":"2018-08-10T09:39:27","modified_gmt":"2018-08-10T12:39:27","slug":"defesas-de-tese-no-ppgq","status":"publish","type":"post","link":"https:\/\/wp.ufpel.edu.br\/ppgq\/2018\/08\/10\/defesas-de-tese-no-ppgq\/","title":{"rendered":"Defesas de Tese no PPGQ"},"content":{"rendered":"<p style=\"text-align: justify\">O PPGQ convida todos a assistirem duas\u00a0defesas\u00a0de\u00a0Tese, que ocorrer\u00e3o na pr\u00f3xima segunda-feira, dia 13\/08\/2018. A primeira do aluno\u00a0<strong>Alexander Ossanes de Souza<\/strong>, intitulada\u00a0<strong>&#8220;<\/strong><strong>Determina\u00e7\u00e3o da Concentra\u00e7\u00e3o Total e Bioacessivel de Metais em Amostras de Cereal Matinal e Infantil&#8221;<\/strong>, \u00e0s 09 horas, cuja banca examinadora ser\u00e1 formada pela\u00a0Prof.\u00aa Dr.\u00aa Mariana Antunes Vieira (PPGQ \u2013 UFPel) (Presidente) e pelas professoras doutoras\u00a0Luc\u00e9lia Hoehne (UNIVATES), Marcia Arocha Gularte (CCQFA \u2013 UFPel) e Solange Cadore (UNICAMP). A segunda da aluna\u00a0<strong>Camila Corr\u00eaa Pereira<\/strong> intitulada\u00a0<strong>&#8220;<\/strong><strong>Determina\u00e7\u00e3o da Concentra\u00e7\u00e3o Total e Fra\u00e7\u00e3o Bioacessivel de Metais em Frutas Vermelhas por T\u00e9cnicas de Espectrometria At\u00f4mica&#8221;<\/strong>, \u00e0s 14 horas, cuja banca examinadora ser\u00e1 formada pelo\u00a0Prof. Dr. Anderson Schwingel Ribeiro (PPGQ \u2013 UFPel) (Presidente) e pelas professoras doutoras\u00a0Luc\u00e9lia Hoehne (UNIVATES), Marcia Messias da Silva (UFRGS) e Adriane Medeiros Nunes (PPGQ \u2013 UFPel).<br \/>\nAmbas as\u00a0defesas\u00a0ser\u00e3o realizadas\u00a0no Mini Audit\u00f3rio do\u00a0CCQFA.<\/p>\n","protected":false},"excerpt":{"rendered":"<p>&#8220;Determina\u00e7\u00e3o da Concentra\u00e7\u00e3o Total e Bioacessivel de Metais em Amostras de Cereal Matinal e Infantil&#8221;<br \/>\n&#8220;Determina\u00e7\u00e3o da Concentra\u00e7\u00e3o Total e Fra\u00e7\u00e3o Bioacessivel de Metais em Frutas Vermelhas por T\u00e9cnicas de Espectrometria At\u00f4mica&#8221; <a href=\"https:\/\/wp.ufpel.edu.br\/ppgq\/2018\/08\/10\/defesas-de-tese-no-ppgq\/\">Continue lendo <span class=\"meta-nav\">&rarr;<\/span><\/a><\/p>\n","protected":false},"author":93,"featured_media":0,"comment_status":"closed","ping_status":"closed","sticky":false,"template":"","format":"standard","meta":{"footnotes":""},"categories":[4],"tags":[],"class_list":["post-6329","post","type-post","status-publish","format-standard","hentry","category-noticias"],"jetpack_featured_media_url":"","_links":{"self":[{"href":"https:\/\/wp.ufpel.edu.br\/ppgq\/wp-json\/wp\/v2\/posts\/6329","targetHints":{"allow":["GET"]}}],"collection":[{"href":"https:\/\/wp.ufpel.edu.br\/ppgq\/wp-json\/wp\/v2\/posts"}],"about":[{"href":"https:\/\/wp.ufpel.edu.br\/ppgq\/wp-json\/wp\/v2\/types\/post"}],"author":[{"embeddable":true,"href":"https:\/\/wp.ufpel.edu.br\/ppgq\/wp-json\/wp\/v2\/users\/93"}],"replies":[{"embeddable":true,"href":"https:\/\/wp.ufpel.edu.br\/ppgq\/wp-json\/wp\/v2\/comments?post=6329"}],"version-history":[{"count":1,"href":"https:\/\/wp.ufpel.edu.br\/ppgq\/wp-json\/wp\/v2\/posts\/6329\/revisions"}],"predecessor-version":[{"id":6331,"href":"https:\/\/wp.ufpel.edu.br\/ppgq\/wp-json\/wp\/v2\/posts\/6329\/revisions\/6331"}],"wp:attachment":[{"href":"https:\/\/wp.ufpel.edu.br\/ppgq\/wp-json\/wp\/v2\/media?parent=6329"}],"wp:term":[{"taxonomy":"category","embeddable":true,"href":"https:\/\/wp.ufpel.edu.br\/ppgq\/wp-json\/wp\/v2\/categories?post=6329"},{"taxonomy":"post_tag","embeddable":true,"href":"https:\/\/wp.ufpel.edu.br\/ppgq\/wp-json\/wp\/v2\/tags?post=6329"}],"curies":[{"name":"wp","href":"https:\/\/api.w.org\/{rel}","templated":true}]}}