{"id":6306,"date":"2018-08-01T18:39:23","date_gmt":"2018-08-01T21:39:23","guid":{"rendered":"https:\/\/wp.ufpel.edu.br\/ppgq\/?p=6306"},"modified":"2018-08-03T10:53:34","modified_gmt":"2018-08-03T13:53:34","slug":"selecao-de-aluno-especial-2018-02","status":"publish","type":"post","link":"https:\/\/wp.ufpel.edu.br\/ppgq\/2018\/08\/01\/selecao-de-aluno-especial-2018-02\/","title":{"rendered":"Sele\u00e7\u00e3o de Aluno Especial 2018\/02"},"content":{"rendered":"<p style=\"text-align: justify\">Estar\u00e3o abertas no per\u00edodo de 01 a 03\/08\/2018 as\u00a0inscri\u00e7\u00f5es para o\u00a0Processo Seletivo Aluno Especial 2018\/2 do PPGQ.<br \/>\nOs interessados em cursar disciplinas do PPGQ como aluno especial no segundo semestre de 2018, dever\u00e3o encaminhar toda a documenta\u00e7\u00e3o por e-mail conforme edital abaixo.<\/p>\n<p>Seguem documentos anexos.<\/p>\n<p><a href=\"https:\/\/wp.ufpel.edu.br\/ppgq\/files\/2018\/08\/Edital-de-Sele\u00e7\u00e3o-de-Aluno-Especial-PPGQ-2018.02.pdf\">Edital de Sele\u00e7\u00e3o de Aluno Especial PPGQ 2018.02<\/a><br \/>\n<a href=\"https:\/\/wp.ufpel.edu.br\/ppgq\/files\/2018\/08\/Formul\u00e1rio-1E-Inscri\u00e7\u00e3o-aluno-especial.docx\">Requerimento de Inscri\u00e7\u00e3o de Aluno Especial<\/a><\/p>\n","protected":false},"excerpt":{"rendered":"<p>Inscri\u00e7\u00f5es de 01 a 03\/08\/2018 <a href=\"https:\/\/wp.ufpel.edu.br\/ppgq\/2018\/08\/01\/selecao-de-aluno-especial-2018-02\/\">Continue lendo <span class=\"meta-nav\">&rarr;<\/span><\/a><\/p>\n","protected":false},"author":93,"featured_media":0,"comment_status":"closed","ping_status":"closed","sticky":false,"template":"","format":"standard","meta":{"footnotes":""},"categories":[4],"tags":[],"class_list":["post-6306","post","type-post","status-publish","format-standard","hentry","category-noticias"],"jetpack_featured_media_url":"","_links":{"self":[{"href":"https:\/\/wp.ufpel.edu.br\/ppgq\/wp-json\/wp\/v2\/posts\/6306","targetHints":{"allow":["GET"]}}],"collection":[{"href":"https:\/\/wp.ufpel.edu.br\/ppgq\/wp-json\/wp\/v2\/posts"}],"about":[{"href":"https:\/\/wp.ufpel.edu.br\/ppgq\/wp-json\/wp\/v2\/types\/post"}],"author":[{"embeddable":true,"href":"https:\/\/wp.ufpel.edu.br\/ppgq\/wp-json\/wp\/v2\/users\/93"}],"replies":[{"embeddable":true,"href":"https:\/\/wp.ufpel.edu.br\/ppgq\/wp-json\/wp\/v2\/comments?post=6306"}],"version-history":[{"count":3,"href":"https:\/\/wp.ufpel.edu.br\/ppgq\/wp-json\/wp\/v2\/posts\/6306\/revisions"}],"predecessor-version":[{"id":6315,"href":"https:\/\/wp.ufpel.edu.br\/ppgq\/wp-json\/wp\/v2\/posts\/6306\/revisions\/6315"}],"wp:attachment":[{"href":"https:\/\/wp.ufpel.edu.br\/ppgq\/wp-json\/wp\/v2\/media?parent=6306"}],"wp:term":[{"taxonomy":"category","embeddable":true,"href":"https:\/\/wp.ufpel.edu.br\/ppgq\/wp-json\/wp\/v2\/categories?post=6306"},{"taxonomy":"post_tag","embeddable":true,"href":"https:\/\/wp.ufpel.edu.br\/ppgq\/wp-json\/wp\/v2\/tags?post=6306"}],"curies":[{"name":"wp","href":"https:\/\/api.w.org\/{rel}","templated":true}]}}