{"id":6281,"date":"2018-07-16T18:43:23","date_gmt":"2018-07-16T21:43:23","guid":{"rendered":"https:\/\/wp.ufpel.edu.br\/ppgq\/?p=6281"},"modified":"2018-07-16T18:43:23","modified_gmt":"2018-07-16T21:43:23","slug":"seminario-mestranda-3","status":"publish","type":"post","link":"https:\/\/wp.ufpel.edu.br\/ppgq\/2018\/07\/16\/seminario-mestranda-3\/","title":{"rendered":"Semin\u00e1rio Mestranda"},"content":{"rendered":"<p style=\"text-align: justify\">O PPGQ convida todos a assistir o semin\u00e1rio intitulado\u00a0<strong>\u201cEvolu\u00e7\u00e3o da S\u00edntese da Vildagliptina, um F\u00e1rmaco Inibidor da Enzima DPP-IV, Utilizado no Tratamento da Diabetes <em>Mellitus <\/em>tipo 2\u201d<\/strong>, que ser\u00e1 ministrado pela Mestranda do PPGQ <strong>Nathalia Batista Padilha<\/strong>, no dia 18\/07\/2018, quarta-feira, \u00e0s 08h30, no Mini-Audit\u00f3rio do CCQFA.<\/p>\n<p>Segue resumo em anexo.<\/p>\n<p><a href=\"https:\/\/wp.ufpel.edu.br\/ppgq\/files\/2018\/07\/13-Resumo-Semin\u00e1rio-Nathalia-Batista-Padilha.pdf\">Resumo Semin\u00e1rio Nathalia Batista Padilha<\/a><\/p>\n","protected":false},"excerpt":{"rendered":"<p>\u201cEvolu\u00e7\u00e3o da S\u00edntese da Vildagliptina, um F\u00e1rmaco Inibidor da Enzima DPP-IV, Utilizado no Tratamento da Diabetes Mellitus tipo 2\u201d <a href=\"https:\/\/wp.ufpel.edu.br\/ppgq\/2018\/07\/16\/seminario-mestranda-3\/\">Continue lendo <span class=\"meta-nav\">&rarr;<\/span><\/a><\/p>\n","protected":false},"author":93,"featured_media":0,"comment_status":"closed","ping_status":"closed","sticky":false,"template":"","format":"standard","meta":{"footnotes":""},"categories":[10799],"tags":[],"class_list":["post-6281","post","type-post","status-publish","format-standard","hentry","category-seminarios"],"jetpack_featured_media_url":"","_links":{"self":[{"href":"https:\/\/wp.ufpel.edu.br\/ppgq\/wp-json\/wp\/v2\/posts\/6281","targetHints":{"allow":["GET"]}}],"collection":[{"href":"https:\/\/wp.ufpel.edu.br\/ppgq\/wp-json\/wp\/v2\/posts"}],"about":[{"href":"https:\/\/wp.ufpel.edu.br\/ppgq\/wp-json\/wp\/v2\/types\/post"}],"author":[{"embeddable":true,"href":"https:\/\/wp.ufpel.edu.br\/ppgq\/wp-json\/wp\/v2\/users\/93"}],"replies":[{"embeddable":true,"href":"https:\/\/wp.ufpel.edu.br\/ppgq\/wp-json\/wp\/v2\/comments?post=6281"}],"version-history":[{"count":1,"href":"https:\/\/wp.ufpel.edu.br\/ppgq\/wp-json\/wp\/v2\/posts\/6281\/revisions"}],"predecessor-version":[{"id":6284,"href":"https:\/\/wp.ufpel.edu.br\/ppgq\/wp-json\/wp\/v2\/posts\/6281\/revisions\/6284"}],"wp:attachment":[{"href":"https:\/\/wp.ufpel.edu.br\/ppgq\/wp-json\/wp\/v2\/media?parent=6281"}],"wp:term":[{"taxonomy":"category","embeddable":true,"href":"https:\/\/wp.ufpel.edu.br\/ppgq\/wp-json\/wp\/v2\/categories?post=6281"},{"taxonomy":"post_tag","embeddable":true,"href":"https:\/\/wp.ufpel.edu.br\/ppgq\/wp-json\/wp\/v2\/tags?post=6281"}],"curies":[{"name":"wp","href":"https:\/\/api.w.org\/{rel}","templated":true}]}}