{"id":885,"date":"2017-10-02T17:45:28","date_gmt":"2017-10-02T20:45:28","guid":{"rendered":"https:\/\/wp.ufpel.edu.br\/ppgom\/?p=885"},"modified":"2017-10-02T17:45:28","modified_gmt":"2017-10-02T20:45:28","slug":"prof-claudio-shikida-tem-artigo-publicado-na-ensaios-fee","status":"publish","type":"post","link":"https:\/\/wp.ufpel.edu.br\/ppgom\/2017\/10\/02\/prof-claudio-shikida-tem-artigo-publicado-na-ensaios-fee\/","title":{"rendered":"Prof. Claudio Shikida tem artigo publicado na Ensaios FEE"},"content":{"rendered":"<p>O artigo &#8220;An\u00e1lise dos fatores de incentivo aos estudantes universit\u00e1rios : efeito do cr\u00e9dito estudantil sobre o comportamento dos alunos&#8221;, em co-autoria com Marcio A. Salvato e Ricardo N. Miranda utiliza uma base de dados coletada em uma faculdade particular e encontra evid\u00eancias de que o cr\u00e9dito estudantil pode ter um impacto positivo sobre a nota do aluno. Para maiores detalhes, veja o artigo <a href=\"https:\/\/revistas.fee.tche.br\/index.php\/ensaios\/article\/view\/3889\" target=\"_blank\" rel=\"noopener\">aqui<\/a>.<\/p>\n","protected":false},"excerpt":{"rendered":"<p>O artigo &#8220;An\u00e1lise dos fatores de incentivo aos estudantes universit\u00e1rios : efeito do cr\u00e9dito estudantil sobre o comportamento dos alunos&#8221;, em co-autoria com Marcio A. Salvato e Ricardo N. Miranda utiliza uma base de dados coletada em uma faculdade particular e encontra evid\u00eancias de que o cr\u00e9dito estudantil pode ter um impacto positivo sobre a&#8230; <\/p>\n<div class=\"link-more\"><a href=\"https:\/\/wp.ufpel.edu.br\/ppgom\/2017\/10\/02\/prof-claudio-shikida-tem-artigo-publicado-na-ensaios-fee\/\">Leia mais<\/a><\/div>\n","protected":false},"author":601,"featured_media":0,"comment_status":"closed","ping_status":"closed","sticky":false,"template":"","format":"standard","meta":{"_jetpack_memberships_contains_paid_content":false,"footnotes":""},"categories":[1],"tags":[170,171,169],"class_list":["post-885","post","type-post","status-publish","format-standard","hentry","category-noticias","tag-credito-estudantil","tag-economia-da-educacao","tag-ensino-superior"],"jetpack_featured_media_url":"","jetpack_sharing_enabled":true,"_links":{"self":[{"href":"https:\/\/wp.ufpel.edu.br\/ppgom\/wp-json\/wp\/v2\/posts\/885","targetHints":{"allow":["GET"]}}],"collection":[{"href":"https:\/\/wp.ufpel.edu.br\/ppgom\/wp-json\/wp\/v2\/posts"}],"about":[{"href":"https:\/\/wp.ufpel.edu.br\/ppgom\/wp-json\/wp\/v2\/types\/post"}],"author":[{"embeddable":true,"href":"https:\/\/wp.ufpel.edu.br\/ppgom\/wp-json\/wp\/v2\/users\/601"}],"replies":[{"embeddable":true,"href":"https:\/\/wp.ufpel.edu.br\/ppgom\/wp-json\/wp\/v2\/comments?post=885"}],"version-history":[{"count":1,"href":"https:\/\/wp.ufpel.edu.br\/ppgom\/wp-json\/wp\/v2\/posts\/885\/revisions"}],"predecessor-version":[{"id":887,"href":"https:\/\/wp.ufpel.edu.br\/ppgom\/wp-json\/wp\/v2\/posts\/885\/revisions\/887"}],"wp:attachment":[{"href":"https:\/\/wp.ufpel.edu.br\/ppgom\/wp-json\/wp\/v2\/media?parent=885"}],"wp:term":[{"taxonomy":"category","embeddable":true,"href":"https:\/\/wp.ufpel.edu.br\/ppgom\/wp-json\/wp\/v2\/categories?post=885"},{"taxonomy":"post_tag","embeddable":true,"href":"https:\/\/wp.ufpel.edu.br\/ppgom\/wp-json\/wp\/v2\/tags?post=885"}],"curies":[{"name":"wp","href":"https:\/\/api.w.org\/{rel}","templated":true}]}}