{"id":3586,"date":"2024-04-03T14:36:54","date_gmt":"2024-04-03T17:36:54","guid":{"rendered":"https:\/\/wp.ufpel.edu.br\/ppgna\/?p=3586"},"modified":"2024-04-03T14:36:54","modified_gmt":"2024-04-03T17:36:54","slug":"seminario-online-planejamento-do-estudo-enani","status":"publish","type":"post","link":"https:\/\/wp.ufpel.edu.br\/ppgna\/2024\/04\/03\/seminario-online-planejamento-do-estudo-enani\/","title":{"rendered":"Semin\u00e1rio online &#8220;Planejamento do estudo ENANI&#8221;"},"content":{"rendered":"<p><a href=\"https:\/\/wp.ufpel.edu.br\/ppgna\/files\/2024\/04\/Dayana-Farias.jpg\"><img class=\"wp-image-3588 alignleft\" src=\"https:\/\/wp.ufpel.edu.br\/ppgna\/files\/2024\/04\/Dayana-Farias-400x400.jpg\" alt=\"\" width=\"198\" height=\"198\" srcset=\"https:\/\/wp.ufpel.edu.br\/ppgna\/files\/2024\/04\/Dayana-Farias-400x400.jpg 400w, https:\/\/wp.ufpel.edu.br\/ppgna\/files\/2024\/04\/Dayana-Farias-200x200.jpg 200w, https:\/\/wp.ufpel.edu.br\/ppgna\/files\/2024\/04\/Dayana-Farias.jpg 512w\" sizes=\"(max-width: 198px) 100vw, 198px\" \/><\/a><\/p>\n<p><strong>Palestrante: Dayana Rodrigues Farias<\/strong><\/p>\n<p>Nutricionista formada pela UFRJ, Mestre e Doutora pelo Programa de P\u00f3s-Gradua\u00e7\u00e3o em Nutri\u00e7\u00e3o (PPGN) da UFRJ. \u00c9 professora adjunta no Departamento de Nutri\u00e7\u00e3o Social e Aplicada do Instituto de Nutri\u00e7\u00e3o Josu\u00e9 de Castro, professora permanente do PPGN e pesquisadora do Observat\u00f3rio de Epidemiologia Nutricional.<\/p>\n<p>Coordenadora de an\u00e1lise e controle de qualidade dos dados do Estudo Nacional de Alimenta\u00e7\u00e3o Infantil (ENANI-19) e coordena\u00e7\u00e3o executiva do eixo de Antropometria do ENANI-2024.<\/p>\n<p>Quando: 10\/04\/2024<\/p>\n<p>Hor\u00e1rio: 11h<\/p>\n<p>Link para acesso: https:\/\/webconf.ufpel.edu.br\/b\/jul-s9o-of4-zs1<\/p>\n","protected":false},"excerpt":{"rendered":"<p>Palestrante: Dayana Rodrigues Farias Nutricionista formada pela UFRJ, Mestre e Doutora pelo Programa de P\u00f3s-Gradua\u00e7\u00e3o em Nutri\u00e7\u00e3o (PPGN) da UFRJ. \u00c9 professora adjunta no Departamento de Nutri\u00e7\u00e3o Social e Aplicada do Instituto de Nutri\u00e7\u00e3o Josu\u00e9 de Castro, professora permanente do PPGN e pesquisadora do Observat\u00f3rio de Epidemiologia Nutricional. Coordenadora de an\u00e1lise e controle de qualidade [&hellip;]<\/p>\n","protected":false},"author":209,"featured_media":0,"comment_status":"closed","ping_status":"closed","sticky":false,"template":"","format":"standard","meta":{"jetpack_post_was_ever_published":false,"_jetpack_newsletter_access":"","_jetpack_dont_email_post_to_subs":false,"_jetpack_newsletter_tier_id":0,"_jetpack_memberships_contains_paywalled_content":false,"_jetpack_memberships_contains_paid_content":false,"footnotes":"","jetpack_publicize_message":"","jetpack_publicize_feature_enabled":true,"jetpack_social_post_already_shared":true,"jetpack_social_options":{"image_generator_settings":{"template":"highway","default_image_id":0,"font":"","enabled":false},"version":2}},"categories":[18],"tags":[],"class_list":["post-3586","post","type-post","status-publish","format-standard","hentry","category-sem-categoria"],"jetpack_publicize_connections":[],"jetpack_featured_media_url":"","jetpack_sharing_enabled":true,"jetpack_shortlink":"https:\/\/wp.me\/p8FvYb-VQ","_links":{"self":[{"href":"https:\/\/wp.ufpel.edu.br\/ppgna\/wp-json\/wp\/v2\/posts\/3586","targetHints":{"allow":["GET"]}}],"collection":[{"href":"https:\/\/wp.ufpel.edu.br\/ppgna\/wp-json\/wp\/v2\/posts"}],"about":[{"href":"https:\/\/wp.ufpel.edu.br\/ppgna\/wp-json\/wp\/v2\/types\/post"}],"author":[{"embeddable":true,"href":"https:\/\/wp.ufpel.edu.br\/ppgna\/wp-json\/wp\/v2\/users\/209"}],"replies":[{"embeddable":true,"href":"https:\/\/wp.ufpel.edu.br\/ppgna\/wp-json\/wp\/v2\/comments?post=3586"}],"version-history":[{"count":1,"href":"https:\/\/wp.ufpel.edu.br\/ppgna\/wp-json\/wp\/v2\/posts\/3586\/revisions"}],"predecessor-version":[{"id":3589,"href":"https:\/\/wp.ufpel.edu.br\/ppgna\/wp-json\/wp\/v2\/posts\/3586\/revisions\/3589"}],"wp:attachment":[{"href":"https:\/\/wp.ufpel.edu.br\/ppgna\/wp-json\/wp\/v2\/media?parent=3586"}],"wp:term":[{"taxonomy":"category","embeddable":true,"href":"https:\/\/wp.ufpel.edu.br\/ppgna\/wp-json\/wp\/v2\/categories?post=3586"},{"taxonomy":"post_tag","embeddable":true,"href":"https:\/\/wp.ufpel.edu.br\/ppgna\/wp-json\/wp\/v2\/tags?post=3586"}],"curies":[{"name":"wp","href":"https:\/\/api.w.org\/{rel}","templated":true}]}}