{"id":747,"date":"2017-09-18T17:29:59","date_gmt":"2017-09-18T20:29:59","guid":{"rendered":"https:\/\/wp.ufpel.edu.br\/ppgmp\/?p=747"},"modified":"2017-09-18T17:29:59","modified_gmt":"2017-09-18T20:29:59","slug":"divulgando-o-coloquio-internacional-memoria-e-patrimonio","status":"publish","type":"post","link":"https:\/\/wp.ufpel.edu.br\/ppgmp\/2017\/09\/18\/divulgando-o-coloquio-internacional-memoria-e-patrimonio\/","title":{"rendered":"Divulgando o Col\u00f3quio Internacional Mem\u00f3ria e Patrim\u00f4nio"},"content":{"rendered":"<p style=\"text-align: justify\">O Col\u00f3quio Internacional Mem\u00f3ria e Patrim\u00f4nio, promovido pelo Programa de P\u00f3s-Gradua\u00e7\u00e3o em Mem\u00f3ria Social e Patrim\u00f4nio Cultural da Universidade Federal de Pelotas tem como principal objetivo promover um momento de debate com pesquisadores de diferentes pa\u00edses sobre dois temas fundamentais na nossa sociedade: a mem\u00f3ria e o patrim\u00f4nio. Ser\u00e1 realizado entre 09, 10 e 11 de outubro.<\/p>\n<p>Al\u00e9m de confer\u00eancias com pesquisadores qualificados e reconhecidos nacional e internacionalmente, tamb\u00e9m \u00e9 reservado um espa\u00e7o para mesas redondas, abordando diferentes temas, como os impactos da p\u00f3s-gradua\u00e7\u00e3o em mem\u00f3ria e patrim\u00f4nio na vida profissional de egressos do PPGMP; cidades, patrim\u00f4nio e urbaniza\u00e7\u00e3o; patrim\u00f4nio imaterial.<\/p>\n<p>\u200bEntendendo a import\u00e2ncia da divulga\u00e7\u00e3o e debate para pesquisas em andamento, o Col\u00f3quio conta com tr\u00eas propostas de Simp\u00f3sios Tem\u00e1ticos para apresenta\u00e7\u00e3o de trabalhos: ST 01 &#8211; Patrim\u00f4nio, mem\u00f3ria e literatura; ST 02 &#8211; Patrim\u00f4nio, cidades e mem\u00f3ria; ST 03 &#8211; Patrim\u00f4nio imaterial e mem\u00f3ria.<\/p>\n<p>&nbsp;<\/p>\n<p style=\"text-align: justify\">Maiores informa\u00e7\u00f5es sobre inscri\u00e7\u00e3o e programa\u00e7\u00e3o no site:<\/p>\n<p style=\"text-align: justify\"><a href=\"http:\/\/coloquiomp.weebly.com\/\">http:\/\/coloquiomp.weebly.com\/<\/a><\/p>\n<p>Contamos com sua presen\u00e7a e aguardamos sua participa\u00e7\u00e3o!<\/p>\n<p>&nbsp;<\/p>\n<p>&nbsp;<\/p>\n<p><a href=\"http:\/\/coloquiomp.weebly.com\/\"><img class=\"alignnone wp-image-749 size-full\" src=\"https:\/\/wp.ufpel.edu.br\/ppgmp\/files\/2017\/09\/Cartaz-Col\u00f3quio.jpg\" alt=\"\" width=\"720\" height=\"960\" srcset=\"https:\/\/wp.ufpel.edu.br\/ppgmp\/files\/2017\/09\/Cartaz-Col\u00f3quio.jpg 720w, https:\/\/wp.ufpel.edu.br\/ppgmp\/files\/2017\/09\/Cartaz-Col\u00f3quio-300x400.jpg 300w\" sizes=\"(max-width: 720px) 100vw, 720px\" \/><\/a><\/p>\n","protected":false},"excerpt":{"rendered":"<p>O Col\u00f3quio Internacional Mem\u00f3ria e Patrim\u00f4nio, promovido pelo Programa de P\u00f3s-Gradua\u00e7\u00e3o em Mem\u00f3ria Social e Patrim\u00f4nio Cultural da Universidade Federal de Pelotas tem como principal objetivo promover um momento de debate com pesquisadores de diferentes pa\u00edses sobre dois temas fundamentais na nossa sociedade: a mem\u00f3ria e o patrim\u00f4nio. Ser\u00e1 realizado entre 09, 10 e 11 [&hellip;]<\/p>\n","protected":false},"author":700,"featured_media":0,"comment_status":"closed","ping_status":"closed","sticky":false,"template":"","format":"standard","meta":{"footnotes":""},"categories":[1],"tags":[],"class_list":["post-747","post","type-post","status-publish","format-standard","hentry","category-noticias"],"jetpack_featured_media_url":"","_links":{"self":[{"href":"https:\/\/wp.ufpel.edu.br\/ppgmp\/wp-json\/wp\/v2\/posts\/747","targetHints":{"allow":["GET"]}}],"collection":[{"href":"https:\/\/wp.ufpel.edu.br\/ppgmp\/wp-json\/wp\/v2\/posts"}],"about":[{"href":"https:\/\/wp.ufpel.edu.br\/ppgmp\/wp-json\/wp\/v2\/types\/post"}],"author":[{"embeddable":true,"href":"https:\/\/wp.ufpel.edu.br\/ppgmp\/wp-json\/wp\/v2\/users\/700"}],"replies":[{"embeddable":true,"href":"https:\/\/wp.ufpel.edu.br\/ppgmp\/wp-json\/wp\/v2\/comments?post=747"}],"version-history":[{"count":1,"href":"https:\/\/wp.ufpel.edu.br\/ppgmp\/wp-json\/wp\/v2\/posts\/747\/revisions"}],"predecessor-version":[{"id":750,"href":"https:\/\/wp.ufpel.edu.br\/ppgmp\/wp-json\/wp\/v2\/posts\/747\/revisions\/750"}],"wp:attachment":[{"href":"https:\/\/wp.ufpel.edu.br\/ppgmp\/wp-json\/wp\/v2\/media?parent=747"}],"wp:term":[{"taxonomy":"category","embeddable":true,"href":"https:\/\/wp.ufpel.edu.br\/ppgmp\/wp-json\/wp\/v2\/categories?post=747"},{"taxonomy":"post_tag","embeddable":true,"href":"https:\/\/wp.ufpel.edu.br\/ppgmp\/wp-json\/wp\/v2\/tags?post=747"}],"curies":[{"name":"wp","href":"https:\/\/api.w.org\/{rel}","templated":true}]}}