{"id":731,"date":"2017-09-04T17:06:43","date_gmt":"2017-09-04T20:06:43","guid":{"rendered":"https:\/\/wp.ufpel.edu.br\/ppgmp\/?p=731"},"modified":"2017-09-04T17:06:43","modified_gmt":"2017-09-04T20:06:43","slug":"resultado-da-selecao-de-aluno-especial","status":"publish","type":"post","link":"https:\/\/wp.ufpel.edu.br\/ppgmp\/2017\/09\/04\/resultado-da-selecao-de-aluno-especial\/","title":{"rendered":"Resultado da sele\u00e7\u00e3o de aluno especial"},"content":{"rendered":"<p>Encontra-se na aba \u201cSele\u00e7\u00e3o\u201d a lista de alunos especiais selecionados para cursar disciplinas no 2\u00ba semestre de 2017 no PPGMP.<\/p>\n<p>O formul\u00e1rio de matricula est\u00e1 dispon\u00edvel na aba \u201cSele\u00e7\u00e3o\u201d, devem ser preenchidos e enviados (exclusivamente) via email no dia 05\/09\/2017.<\/p>\n<p>As inscri\u00e7\u00f5es que chegarem via correio com a data de postagem referente a 31\/08 poder\u00e3o enviar formul\u00e1rio de matricula em data posterior.<\/p>\n","protected":false},"excerpt":{"rendered":"<p>Encontra-se na aba \u201cSele\u00e7\u00e3o\u201d a lista de alunos especiais selecionados para cursar disciplinas no 2\u00ba semestre de 2017 no PPGMP. O formul\u00e1rio de matricula est\u00e1 dispon\u00edvel na aba \u201cSele\u00e7\u00e3o\u201d, devem ser preenchidos e enviados (exclusivamente) via email no dia 05\/09\/2017. As inscri\u00e7\u00f5es que chegarem via correio com a data de postagem referente a 31\/08 poder\u00e3o [&hellip;]<\/p>\n","protected":false},"author":700,"featured_media":0,"comment_status":"closed","ping_status":"closed","sticky":false,"template":"","format":"standard","meta":{"footnotes":""},"categories":[1],"tags":[],"class_list":["post-731","post","type-post","status-publish","format-standard","hentry","category-noticias"],"jetpack_featured_media_url":"","_links":{"self":[{"href":"https:\/\/wp.ufpel.edu.br\/ppgmp\/wp-json\/wp\/v2\/posts\/731","targetHints":{"allow":["GET"]}}],"collection":[{"href":"https:\/\/wp.ufpel.edu.br\/ppgmp\/wp-json\/wp\/v2\/posts"}],"about":[{"href":"https:\/\/wp.ufpel.edu.br\/ppgmp\/wp-json\/wp\/v2\/types\/post"}],"author":[{"embeddable":true,"href":"https:\/\/wp.ufpel.edu.br\/ppgmp\/wp-json\/wp\/v2\/users\/700"}],"replies":[{"embeddable":true,"href":"https:\/\/wp.ufpel.edu.br\/ppgmp\/wp-json\/wp\/v2\/comments?post=731"}],"version-history":[{"count":1,"href":"https:\/\/wp.ufpel.edu.br\/ppgmp\/wp-json\/wp\/v2\/posts\/731\/revisions"}],"predecessor-version":[{"id":733,"href":"https:\/\/wp.ufpel.edu.br\/ppgmp\/wp-json\/wp\/v2\/posts\/731\/revisions\/733"}],"wp:attachment":[{"href":"https:\/\/wp.ufpel.edu.br\/ppgmp\/wp-json\/wp\/v2\/media?parent=731"}],"wp:term":[{"taxonomy":"category","embeddable":true,"href":"https:\/\/wp.ufpel.edu.br\/ppgmp\/wp-json\/wp\/v2\/categories?post=731"},{"taxonomy":"post_tag","embeddable":true,"href":"https:\/\/wp.ufpel.edu.br\/ppgmp\/wp-json\/wp\/v2\/tags?post=731"}],"curies":[{"name":"wp","href":"https:\/\/api.w.org\/{rel}","templated":true}]}}