{"id":725,"date":"2017-08-25T19:22:06","date_gmt":"2017-08-25T22:22:06","guid":{"rendered":"https:\/\/wp.ufpel.edu.br\/ppgmp\/?p=725"},"modified":"2017-08-25T19:22:06","modified_gmt":"2017-08-25T22:22:06","slug":"edital-de-selecao-para-aluno-especial-segundo-semestre-de-2017","status":"publish","type":"post","link":"https:\/\/wp.ufpel.edu.br\/ppgmp\/2017\/08\/25\/edital-de-selecao-para-aluno-especial-segundo-semestre-de-2017\/","title":{"rendered":"Edital de sele\u00e7\u00e3o para aluno especial &#8211;  segundo semestre de 2017"},"content":{"rendered":"<p>A partir de segunda v\u00e3o estar abertas as inscri\u00e7\u00f5es para a sele\u00e7\u00e3o de alunos especiais para o segundo semestre de 2017.<\/p>\n<p>Obs.: Houve uma pequena altera\u00e7\u00e3o, <strong>na ter\u00e7a, dia 29\/08, n\u00e3o haver\u00e1 inscri\u00e7\u00f5es das 19 as 22h<\/strong>.<\/p>\n<p>No entanto, <strong>nos dias 30 e 31\/08 (quarta e quinta-feira) as inscri\u00e7\u00f5es dever\u00e3o ocorrer das 14 as 22 h.<\/strong><\/p>\n<p><a href=\"https:\/\/wp.ufpel.edu.br\/ppgmp\/files\/2017\/08\/Edital-de-sele\u00e7\u00e3o-089-PPG-em-Mem\u00f3ria-Social-e-Patrimonio-Cultur.pdf\">Edital-de-sele\u00e7\u00e3o-089-PPG-em-Mem\u00f3ria-Social-e-Patrimonio-Cultur<\/a><\/p>\n","protected":false},"excerpt":{"rendered":"<p>A partir de segunda v\u00e3o estar abertas as inscri\u00e7\u00f5es para a sele\u00e7\u00e3o de alunos especiais para o segundo semestre de 2017. Obs.: Houve uma pequena altera\u00e7\u00e3o, na ter\u00e7a, dia 29\/08, n\u00e3o haver\u00e1 inscri\u00e7\u00f5es das 19 as 22h. No entanto, nos dias 30 e 31\/08 (quarta e quinta-feira) as inscri\u00e7\u00f5es dever\u00e3o ocorrer das 14 as 22 [&hellip;]<\/p>\n","protected":false},"author":700,"featured_media":0,"comment_status":"closed","ping_status":"closed","sticky":false,"template":"","format":"standard","meta":{"footnotes":""},"categories":[1],"tags":[],"class_list":["post-725","post","type-post","status-publish","format-standard","hentry","category-noticias"],"jetpack_featured_media_url":"","_links":{"self":[{"href":"https:\/\/wp.ufpel.edu.br\/ppgmp\/wp-json\/wp\/v2\/posts\/725","targetHints":{"allow":["GET"]}}],"collection":[{"href":"https:\/\/wp.ufpel.edu.br\/ppgmp\/wp-json\/wp\/v2\/posts"}],"about":[{"href":"https:\/\/wp.ufpel.edu.br\/ppgmp\/wp-json\/wp\/v2\/types\/post"}],"author":[{"embeddable":true,"href":"https:\/\/wp.ufpel.edu.br\/ppgmp\/wp-json\/wp\/v2\/users\/700"}],"replies":[{"embeddable":true,"href":"https:\/\/wp.ufpel.edu.br\/ppgmp\/wp-json\/wp\/v2\/comments?post=725"}],"version-history":[{"count":1,"href":"https:\/\/wp.ufpel.edu.br\/ppgmp\/wp-json\/wp\/v2\/posts\/725\/revisions"}],"predecessor-version":[{"id":728,"href":"https:\/\/wp.ufpel.edu.br\/ppgmp\/wp-json\/wp\/v2\/posts\/725\/revisions\/728"}],"wp:attachment":[{"href":"https:\/\/wp.ufpel.edu.br\/ppgmp\/wp-json\/wp\/v2\/media?parent=725"}],"wp:term":[{"taxonomy":"category","embeddable":true,"href":"https:\/\/wp.ufpel.edu.br\/ppgmp\/wp-json\/wp\/v2\/categories?post=725"},{"taxonomy":"post_tag","embeddable":true,"href":"https:\/\/wp.ufpel.edu.br\/ppgmp\/wp-json\/wp\/v2\/tags?post=725"}],"curies":[{"name":"wp","href":"https:\/\/api.w.org\/{rel}","templated":true}]}}