{"id":696,"date":"2017-08-09T20:17:32","date_gmt":"2017-08-09T23:17:32","guid":{"rendered":"https:\/\/wp.ufpel.edu.br\/ppgmp\/?p=696"},"modified":"2017-08-09T20:17:39","modified_gmt":"2017-08-09T23:17:39","slug":"convite-para-a-conferencia-da-profa-dra-virginia-pineau","status":"publish","type":"post","link":"https:\/\/wp.ufpel.edu.br\/ppgmp\/2017\/08\/09\/convite-para-a-conferencia-da-profa-dra-virginia-pineau\/","title":{"rendered":"Convite para a confer\u00eancia da Profa. Dra. Virginia Pineau"},"content":{"rendered":"<p>No marco do conv\u00eanio CAPES\/CAFP entre o Programa de P\u00f3s-gradua\u00e7\u00e3o Mem\u00f3ria Social e Patrim\u00f4nio Cultural da UFPel e o Posgrado Economia Pol\u00edtica de la Cultura da Universidade de Buenos Aires, tenho a honra de convidar a todos para a confer\u00eancia da Profa. Dra. Virginia Pineau (Departamento de Antropologia da Universidade de Buenos Aires), intitulada Patrim\u00f4nio Arqueol\u00f3gico Pampeano: La Relaci\u00f3n entre los Investigadores y la Comunidad en el Norte de La Pampa Argentina. A confer\u00eancia versar\u00e1 sobre as pesquisas arqueol\u00f3gicas conduzidas, h\u00e1 mais de 10 anos, em tr\u00eas s\u00edtios da Prov\u00edncia La Pampa. Mais do que apresentar an\u00e1lises sobre a cultura material da regi\u00e3o sob a perspectiva exclusiva dos pesquisadores, a confer\u00eancia enfatizar\u00e1 como as comunidades ativam e significam o patrim\u00f4nio arqueol\u00f3gico local.<\/p>\n<p>&nbsp;<\/p>\n<p>Hor\u00e1rio, Local e Data: Dia 10\/08\/2017, 14h:30, Sala 310 do Campus II do ICH (Av. Barroso, 1202).<\/p>\n<p>&nbsp;<\/p>\n<p>En el marco del convenio CAPES\/CAFP entre el posgrado en Memoria Social y Patrimonio Cultural de la UFPel y el posgrado en Econom\u00eda Pol\u00edtica de la Cultura de la Universidad de Buenos Aires, tengo el honor de invitarlos para la conferencia de la Profa. Dra. Virginia Pineau (Departamento de Antropolog\u00eda de la Universidad de Buenos Aires), intitulada Patrimonio Arqueol\u00f3gico Pampeano: La Relaci\u00f3n entre los Investigadores y la Comunidad en el Norte de La Pampa Argentina. La conferencia versar\u00e1 sobre las investigaciones arqueol\u00f3gicas conducidas, hacen m\u00e1s de 10 a\u00f1os, en tres sitios de la Provincia La Pampa. Mas all\u00e1 de presentar los an\u00e1lisis sobre la cultura material de la regi\u00f3n bajo la perspectiva exclusiva de los investigadores, la confere ncia enfatizar\u00e1 c\u00f3mo las comunidades activan y significan el patrimonio arqueol\u00f3gico local.<\/p>\n<p>&nbsp;<\/p>\n<p>Hor\u00e1rio, Local e Data: Dia 10\/08\/2017, 14h:30, Sala 310 do Campus II do ICH (Av. Barroso, 1202).<\/p>\n","protected":false},"excerpt":{"rendered":"<p>No marco do conv\u00eanio CAPES\/CAFP entre o Programa de P\u00f3s-gradua\u00e7\u00e3o Mem\u00f3ria Social e Patrim\u00f4nio Cultural da UFPel e o Posgrado Economia Pol\u00edtica de la Cultura da Universidade de Buenos Aires, tenho a honra de convidar a todos para a confer\u00eancia da Profa. Dra. Virginia Pineau (Departamento de Antropologia da Universidade de Buenos Aires), intitulada Patrim\u00f4nio [&hellip;]<\/p>\n","protected":false},"author":700,"featured_media":0,"comment_status":"closed","ping_status":"closed","sticky":false,"template":"","format":"standard","meta":{"footnotes":""},"categories":[1],"tags":[],"class_list":["post-696","post","type-post","status-publish","format-standard","hentry","category-noticias"],"jetpack_featured_media_url":"","_links":{"self":[{"href":"https:\/\/wp.ufpel.edu.br\/ppgmp\/wp-json\/wp\/v2\/posts\/696","targetHints":{"allow":["GET"]}}],"collection":[{"href":"https:\/\/wp.ufpel.edu.br\/ppgmp\/wp-json\/wp\/v2\/posts"}],"about":[{"href":"https:\/\/wp.ufpel.edu.br\/ppgmp\/wp-json\/wp\/v2\/types\/post"}],"author":[{"embeddable":true,"href":"https:\/\/wp.ufpel.edu.br\/ppgmp\/wp-json\/wp\/v2\/users\/700"}],"replies":[{"embeddable":true,"href":"https:\/\/wp.ufpel.edu.br\/ppgmp\/wp-json\/wp\/v2\/comments?post=696"}],"version-history":[{"count":1,"href":"https:\/\/wp.ufpel.edu.br\/ppgmp\/wp-json\/wp\/v2\/posts\/696\/revisions"}],"predecessor-version":[{"id":698,"href":"https:\/\/wp.ufpel.edu.br\/ppgmp\/wp-json\/wp\/v2\/posts\/696\/revisions\/698"}],"wp:attachment":[{"href":"https:\/\/wp.ufpel.edu.br\/ppgmp\/wp-json\/wp\/v2\/media?parent=696"}],"wp:term":[{"taxonomy":"category","embeddable":true,"href":"https:\/\/wp.ufpel.edu.br\/ppgmp\/wp-json\/wp\/v2\/categories?post=696"},{"taxonomy":"post_tag","embeddable":true,"href":"https:\/\/wp.ufpel.edu.br\/ppgmp\/wp-json\/wp\/v2\/tags?post=696"}],"curies":[{"name":"wp","href":"https:\/\/api.w.org\/{rel}","templated":true}]}}