{"id":3245,"date":"2025-07-09T15:50:14","date_gmt":"2025-07-09T18:50:14","guid":{"rendered":"https:\/\/wp.ufpel.edu.br\/ppgmp\/?p=3245"},"modified":"2025-07-09T15:50:14","modified_gmt":"2025-07-09T18:50:14","slug":"divulgado-resultados-finais-para-selecao-de-bolsista-ds-capes-doutorado-e-mestrado-2025-cotas-remanescentes","status":"publish","type":"post","link":"https:\/\/wp.ufpel.edu.br\/ppgmp\/2025\/07\/09\/divulgado-resultados-finais-para-selecao-de-bolsista-ds-capes-doutorado-e-mestrado-2025-cotas-remanescentes\/","title":{"rendered":"Divulgado resultados finais para sele\u00e7\u00e3o de bolsista DS CAPES \u2013 Doutorado e Mestrado \u2013 2025 \u2013 cotas remanescentes"},"content":{"rendered":"<p>O PROGRAMA DE P\u00d3S-GRADUA\u00c7\u00c3O MEM\u00d3RIA SOCIAL E PATRIM\u00d4NIO CULTURAL (PPGMSPC), torna p\u00fablico os resultados finais do Edital n\u00ba 003\/2025 \u2013 Comiss\u00e3o de Bolsas para sele\u00e7\u00e3o para bolsa DS CAPES \u2013 Doutorado \u2013 2025 e do Edital n\u00ba 004\/2025 \u2013 Comiss\u00e3o de Bolsas para sele\u00e7\u00e3o para bolsa DS CAPES \u2013 Mestrado \u2013 2025, de cotas remanescentes.<\/p>\n<p>Informa\u00e7\u00e3o pode ser acessada na aba\u00a0<a href=\"https:\/\/wp.ufpel.edu.br\/ppgmp\/selecao\/\">sele\u00e7\u00e3o<\/a>\u00a0desta p\u00e1gina.<\/p>\n","protected":false},"excerpt":{"rendered":"<p>O PROGRAMA DE P\u00d3S-GRADUA\u00c7\u00c3O MEM\u00d3RIA SOCIAL E PATRIM\u00d4NIO CULTURAL (PPGMSPC), torna p\u00fablico os resultados finais do Edital n\u00ba 003\/2025 \u2013 Comiss\u00e3o de Bolsas para sele\u00e7\u00e3o para bolsa DS CAPES \u2013 Doutorado \u2013 2025 e do Edital n\u00ba 004\/2025 \u2013 Comiss\u00e3o de Bolsas para sele\u00e7\u00e3o para bolsa DS CAPES \u2013 Mestrado \u2013 2025, de cotas remanescentes. [&hellip;]<\/p>\n","protected":false},"author":700,"featured_media":0,"comment_status":"closed","ping_status":"closed","sticky":false,"template":"","format":"standard","meta":{"footnotes":""},"categories":[1],"tags":[],"class_list":["post-3245","post","type-post","status-publish","format-standard","hentry","category-noticias"],"jetpack_featured_media_url":"","_links":{"self":[{"href":"https:\/\/wp.ufpel.edu.br\/ppgmp\/wp-json\/wp\/v2\/posts\/3245","targetHints":{"allow":["GET"]}}],"collection":[{"href":"https:\/\/wp.ufpel.edu.br\/ppgmp\/wp-json\/wp\/v2\/posts"}],"about":[{"href":"https:\/\/wp.ufpel.edu.br\/ppgmp\/wp-json\/wp\/v2\/types\/post"}],"author":[{"embeddable":true,"href":"https:\/\/wp.ufpel.edu.br\/ppgmp\/wp-json\/wp\/v2\/users\/700"}],"replies":[{"embeddable":true,"href":"https:\/\/wp.ufpel.edu.br\/ppgmp\/wp-json\/wp\/v2\/comments?post=3245"}],"version-history":[{"count":1,"href":"https:\/\/wp.ufpel.edu.br\/ppgmp\/wp-json\/wp\/v2\/posts\/3245\/revisions"}],"predecessor-version":[{"id":3247,"href":"https:\/\/wp.ufpel.edu.br\/ppgmp\/wp-json\/wp\/v2\/posts\/3245\/revisions\/3247"}],"wp:attachment":[{"href":"https:\/\/wp.ufpel.edu.br\/ppgmp\/wp-json\/wp\/v2\/media?parent=3245"}],"wp:term":[{"taxonomy":"category","embeddable":true,"href":"https:\/\/wp.ufpel.edu.br\/ppgmp\/wp-json\/wp\/v2\/categories?post=3245"},{"taxonomy":"post_tag","embeddable":true,"href":"https:\/\/wp.ufpel.edu.br\/ppgmp\/wp-json\/wp\/v2\/tags?post=3245"}],"curies":[{"name":"wp","href":"https:\/\/api.w.org\/{rel}","templated":true}]}}