{"id":2206,"date":"2021-09-23T09:29:47","date_gmt":"2021-09-23T12:29:47","guid":{"rendered":"https:\/\/wp.ufpel.edu.br\/ppgmp\/?p=2206"},"modified":"2021-09-23T09:43:33","modified_gmt":"2021-09-23T12:43:33","slug":"pvb-pelo-capes-print-estara-no-ppgmp-pelos-proximos-meses","status":"publish","type":"post","link":"https:\/\/wp.ufpel.edu.br\/ppgmp\/2021\/09\/23\/pvb-pelo-capes-print-estara-no-ppgmp-pelos-proximos-meses\/","title":{"rendered":"PVB pelo Capes Print estar\u00e1 no PPGMP pelos pr\u00f3ximos meses"},"content":{"rendered":"<p>O professor Ignacio L\u00f3pez Moreno chegou essa semana a UFPel para o per\u00edodo de Professor Visitante pelo CAPES Print (PVB). \u00a0O professor atua no\u00a0Departamento de Procesos Sociales de la Universidad Aut\u00f3noma Metropolitana-Unidad Lerma, no M\u00e9xico.<\/p>\n<p>Ele desempenhar\u00e1 suas atividades junto ao Programa de P\u00f3s-Gradua\u00e7\u00e3o em Mem\u00f3ria Social e Patrim\u00f4nio Cultural, vinculado ao projeto: Alimenta\u00e7\u00e3o, Cultura e Identidade. Ficar\u00e1 no Brasil por 3 meses.<span class=\"Apple-converted-space\">\u00a0<\/span><\/p>\n<p>Licenciado em Antropologia Social e Cultural pela Universidade de Sevilha (Espanha), Mestre en Antropolog\u00eda del Desarrollo y la Transformaci\u00f3n Social por la Universidad de Sussex (Inglaterra) y Doutor em Ciencias Sociais pela Universidade de Wageningen (Holanda), ele trabalha com os temas desarrollo territorial y transiciones agroalimentarias.<\/p>\n<p>Durante a estadia o professor tem um plano de trabalho que contempla reuni\u00f5es, pesquisa e doc\u00eancia. Ign\u00e1cio dar\u00e1 um Taller de Investiga\u00e7\u00e3o Social Qualitativa e um Curso de Antropologia da Alimenta\u00e7\u00e3o.<span class=\"Apple-converted-space\">\u00a0 Em breve divulgaremos maiores informa\u00e7\u00f5es. <\/span><\/p>\n<p><span class=\"Apple-converted-space\"><img class=\"alignnone wp-image-2208\" src=\"https:\/\/wp.ufpel.edu.br\/ppgmp\/files\/2021\/09\/WhatsApp-Image-2021-09-21-at-19.09.46-400x180.jpg\" alt=\"\" width=\"571\" height=\"257\" srcset=\"https:\/\/wp.ufpel.edu.br\/ppgmp\/files\/2021\/09\/WhatsApp-Image-2021-09-21-at-19.09.46-400x180.jpg 400w, https:\/\/wp.ufpel.edu.br\/ppgmp\/files\/2021\/09\/WhatsApp-Image-2021-09-21-at-19.09.46-1024x460.jpg 1024w, https:\/\/wp.ufpel.edu.br\/ppgmp\/files\/2021\/09\/WhatsApp-Image-2021-09-21-at-19.09.46-768x345.jpg 768w, https:\/\/wp.ufpel.edu.br\/ppgmp\/files\/2021\/09\/WhatsApp-Image-2021-09-21-at-19.09.46-1536x690.jpg 1536w, https:\/\/wp.ufpel.edu.br\/ppgmp\/files\/2021\/09\/WhatsApp-Image-2021-09-21-at-19.09.46.jpg 1600w\" sizes=\"(max-width: 571px) 100vw, 571px\" \/><\/span><\/p>\n<p>Ignacio L\u00f3pez Moreno sendo recebido no PPGMP pela Coord. Juliane Serres no \u00faltimo dia 22 de setembro.<\/p>\n","protected":false},"excerpt":{"rendered":"<p>O professor Ignacio L\u00f3pez Moreno chegou essa semana a UFPel para o per\u00edodo de Professor Visitante pelo CAPES Print (PVB). \u00a0O professor atua no\u00a0Departamento de Procesos Sociales de la Universidad Aut\u00f3noma Metropolitana-Unidad Lerma, no M\u00e9xico. Ele desempenhar\u00e1 suas atividades junto ao Programa de P\u00f3s-Gradua\u00e7\u00e3o em Mem\u00f3ria Social e Patrim\u00f4nio Cultural, vinculado ao projeto: Alimenta\u00e7\u00e3o, Cultura [&hellip;]<\/p>\n","protected":false},"author":700,"featured_media":0,"comment_status":"closed","ping_status":"closed","sticky":false,"template":"","format":"standard","meta":{"footnotes":""},"categories":[1],"tags":[],"class_list":["post-2206","post","type-post","status-publish","format-standard","hentry","category-noticias"],"jetpack_featured_media_url":"","_links":{"self":[{"href":"https:\/\/wp.ufpel.edu.br\/ppgmp\/wp-json\/wp\/v2\/posts\/2206","targetHints":{"allow":["GET"]}}],"collection":[{"href":"https:\/\/wp.ufpel.edu.br\/ppgmp\/wp-json\/wp\/v2\/posts"}],"about":[{"href":"https:\/\/wp.ufpel.edu.br\/ppgmp\/wp-json\/wp\/v2\/types\/post"}],"author":[{"embeddable":true,"href":"https:\/\/wp.ufpel.edu.br\/ppgmp\/wp-json\/wp\/v2\/users\/700"}],"replies":[{"embeddable":true,"href":"https:\/\/wp.ufpel.edu.br\/ppgmp\/wp-json\/wp\/v2\/comments?post=2206"}],"version-history":[{"count":3,"href":"https:\/\/wp.ufpel.edu.br\/ppgmp\/wp-json\/wp\/v2\/posts\/2206\/revisions"}],"predecessor-version":[{"id":2211,"href":"https:\/\/wp.ufpel.edu.br\/ppgmp\/wp-json\/wp\/v2\/posts\/2206\/revisions\/2211"}],"wp:attachment":[{"href":"https:\/\/wp.ufpel.edu.br\/ppgmp\/wp-json\/wp\/v2\/media?parent=2206"}],"wp:term":[{"taxonomy":"category","embeddable":true,"href":"https:\/\/wp.ufpel.edu.br\/ppgmp\/wp-json\/wp\/v2\/categories?post=2206"},{"taxonomy":"post_tag","embeddable":true,"href":"https:\/\/wp.ufpel.edu.br\/ppgmp\/wp-json\/wp\/v2\/tags?post=2206"}],"curies":[{"name":"wp","href":"https:\/\/api.w.org\/{rel}","templated":true}]}}