{"id":1408,"date":"2019-08-09T15:05:36","date_gmt":"2019-08-09T18:05:36","guid":{"rendered":"https:\/\/wp.ufpel.edu.br\/ppgmp\/?p=1408"},"modified":"2019-08-09T15:05:36","modified_gmt":"2019-08-09T18:05:36","slug":"apresentacao-do-projeto-centro-cultural-estacao-ferroviaria-e-domingo-no-castelo","status":"publish","type":"post","link":"https:\/\/wp.ufpel.edu.br\/ppgmp\/2019\/08\/09\/apresentacao-do-projeto-centro-cultural-estacao-ferroviaria-e-domingo-no-castelo\/","title":{"rendered":"Apresenta\u00e7\u00e3o do Projeto Centro Cultural Esta\u00e7\u00e3o Ferrovi\u00e1ria e Domingo no Castelo"},"content":{"rendered":"<p style=\"text-align: justify\">Temos o prazer em divulgar o encontro que ser\u00e1 realizado no dia 18\/08, as 10 horas da manh\u00e3, para apresentar a proposta inicial do projeto Centro Cultural Esta\u00e7\u00e3o Ferrovi\u00e1ria. O objetivo principal desse encontro, aberto para todos os interessados, \u00e9 debater a proposta da elabora\u00e7\u00e3o de um centro cultural e de uma exposi\u00e7\u00e3o sobre as mem\u00f3rias da esta\u00e7\u00e3o ferrovi\u00e1ria, dos transportes e da mobilidade urbana em Pelotas. A participa\u00e7\u00e3o \u00e9 fundamental para construirmos esse projeto em conjunto com as necessidades da comunidade.<\/p>\n<p>Ap\u00f3s a apresenta\u00e7\u00e3o do projeto, vamos em caminhada at\u00e9 o Castelo Sim\u00f5es Lopes para participar do &#8220;Domingo no Castelo&#8221;.<\/p>\n<p><img class=\"alignnone size-medium wp-image-1410\" src=\"https:\/\/wp.ufpel.edu.br\/ppgmp\/files\/2019\/08\/68301197_433146613954821_3359231064802328576_n-400x310.jpg\" alt=\"\" width=\"400\" height=\"310\" srcset=\"https:\/\/wp.ufpel.edu.br\/ppgmp\/files\/2019\/08\/68301197_433146613954821_3359231064802328576_n-400x310.jpg 400w, https:\/\/wp.ufpel.edu.br\/ppgmp\/files\/2019\/08\/68301197_433146613954821_3359231064802328576_n-768x595.jpg 768w, https:\/\/wp.ufpel.edu.br\/ppgmp\/files\/2019\/08\/68301197_433146613954821_3359231064802328576_n-1024x793.jpg 1024w, https:\/\/wp.ufpel.edu.br\/ppgmp\/files\/2019\/08\/68301197_433146613954821_3359231064802328576_n.jpg 1280w\" sizes=\"(max-width: 400px) 100vw, 400px\" \/><\/p>\n","protected":false},"excerpt":{"rendered":"<p>Temos o prazer em divulgar o encontro que ser\u00e1 realizado no dia 18\/08, as 10 horas da manh\u00e3, para apresentar a proposta inicial do projeto Centro Cultural Esta\u00e7\u00e3o Ferrovi\u00e1ria. O objetivo principal desse encontro, aberto para todos os interessados, \u00e9 debater a proposta da elabora\u00e7\u00e3o de um centro cultural e de uma exposi\u00e7\u00e3o sobre as [&hellip;]<\/p>\n","protected":false},"author":700,"featured_media":0,"comment_status":"closed","ping_status":"closed","sticky":false,"template":"","format":"standard","meta":{"footnotes":""},"categories":[1],"tags":[],"class_list":["post-1408","post","type-post","status-publish","format-standard","hentry","category-noticias"],"jetpack_featured_media_url":"","_links":{"self":[{"href":"https:\/\/wp.ufpel.edu.br\/ppgmp\/wp-json\/wp\/v2\/posts\/1408","targetHints":{"allow":["GET"]}}],"collection":[{"href":"https:\/\/wp.ufpel.edu.br\/ppgmp\/wp-json\/wp\/v2\/posts"}],"about":[{"href":"https:\/\/wp.ufpel.edu.br\/ppgmp\/wp-json\/wp\/v2\/types\/post"}],"author":[{"embeddable":true,"href":"https:\/\/wp.ufpel.edu.br\/ppgmp\/wp-json\/wp\/v2\/users\/700"}],"replies":[{"embeddable":true,"href":"https:\/\/wp.ufpel.edu.br\/ppgmp\/wp-json\/wp\/v2\/comments?post=1408"}],"version-history":[{"count":1,"href":"https:\/\/wp.ufpel.edu.br\/ppgmp\/wp-json\/wp\/v2\/posts\/1408\/revisions"}],"predecessor-version":[{"id":1411,"href":"https:\/\/wp.ufpel.edu.br\/ppgmp\/wp-json\/wp\/v2\/posts\/1408\/revisions\/1411"}],"wp:attachment":[{"href":"https:\/\/wp.ufpel.edu.br\/ppgmp\/wp-json\/wp\/v2\/media?parent=1408"}],"wp:term":[{"taxonomy":"category","embeddable":true,"href":"https:\/\/wp.ufpel.edu.br\/ppgmp\/wp-json\/wp\/v2\/categories?post=1408"},{"taxonomy":"post_tag","embeddable":true,"href":"https:\/\/wp.ufpel.edu.br\/ppgmp\/wp-json\/wp\/v2\/tags?post=1408"}],"curies":[{"name":"wp","href":"https:\/\/api.w.org\/{rel}","templated":true}]}}