{"id":1935,"date":"2017-08-14T14:20:37","date_gmt":"2017-08-14T17:20:37","guid":{"rendered":"https:\/\/wp.ufpel.edu.br\/ppgmmat\/?p=1935"},"modified":"2017-08-14T14:21:53","modified_gmt":"2017-08-14T17:21:53","slug":"qualificacao-de-mestrado-15-08-2017","status":"publish","type":"post","link":"https:\/\/wp.ufpel.edu.br\/ppgmmat\/2017\/08\/14\/qualificacao-de-mestrado-15-08-2017\/","title":{"rendered":"Qualifica\u00e7\u00e3o de Mestrado &#8211; 15\/08\/2017"},"content":{"rendered":"<p style=\"text-align: justify\">\u00a0\u00a0\u00a0\u00a0\u00a0\u00a0\u00a0\u00a0\u00a0\u00a0\u00a0\u00a0 Em nome da Comiss\u00e3o de P\u00f3s-Gradua\u00e7\u00e3o do Programa de P\u00f3s-Gradua\u00e7\u00e3o em Modelagem Matem\u00e1tica da UFPel, temos a satisfa\u00e7\u00e3o de convidar a todos para assistirem o Exame de Qualifica\u00e7\u00e3o de Mestrado\u00a0da estudante\u00a0<strong>DAIANE FRIGHETTO FRIGHETTO<\/strong>\u00a0intitulado <strong>\u201c<\/strong><strong>Modelagem de sistemas biol\u00f3gicos de competi\u00e7\u00e3o com difus\u00e3o e controle populacional\u201d\u00a0<\/strong>e realizado sob orienta\u00e7\u00e3o do Prof.\u00a0Dr.\u00a0Alexandre Molter, deste Programa de P\u00f3s-Gradua\u00e7\u00e3o.<\/p>\n<p style=\"text-align: justify\">\u00a0\u00a0\u00a0\u00a0\u00a0\u00a0\u00a0\u00a0\u00a0\u00a0 O referido exame dever\u00e1 ocorrer \u00e0s 13 horas e 30 minutos do dia 15 de agosto de 2017, na sala 111 do pr\u00e9dio 16 do Instituto de F\u00edsica e Matem\u00e1tica.<\/p>\n<p>&nbsp;<\/p>\n","protected":false},"excerpt":{"rendered":"<p>\u00a0\u00a0\u00a0\u00a0\u00a0\u00a0\u00a0\u00a0\u00a0\u00a0\u00a0\u00a0 Em nome da Comiss\u00e3o de P\u00f3s-Gradua\u00e7\u00e3o do Programa de P\u00f3s-Gradua\u00e7\u00e3o em Modelagem Matem\u00e1tica da UFPel, temos a satisfa\u00e7\u00e3o de convidar a todos para assistirem o Exame de Qualifica\u00e7\u00e3o de Mestrado\u00a0da estudante\u00a0DAIANE FRIGHETTO FRIGHETTO\u00a0intitulado \u201cModelagem de sistemas biol\u00f3gicos de competi\u00e7\u00e3o com difus\u00e3o e controle populacional\u201d\u00a0e realizado sob orienta\u00e7\u00e3o do Prof.\u00a0Dr.\u00a0Alexandre Molter, deste Programa de P\u00f3s-Gradua\u00e7\u00e3o. [&hellip;]<\/p>\n","protected":false},"author":458,"featured_media":0,"comment_status":"closed","ping_status":"closed","sticky":false,"template":"","format":"standard","meta":{"jetpack_post_was_ever_published":false,"_jetpack_newsletter_access":"","_jetpack_dont_email_post_to_subs":false,"_jetpack_newsletter_tier_id":0,"_jetpack_memberships_contains_paywalled_content":false,"_jetpack_memberships_contains_paid_content":false,"footnotes":"","jetpack_publicize_message":"","jetpack_publicize_feature_enabled":true,"jetpack_social_post_already_shared":false,"jetpack_social_options":{"image_generator_settings":{"template":"highway","default_image_id":0,"font":"","enabled":false},"version":2}},"categories":[4],"tags":[],"class_list":["post-1935","post","type-post","status-publish","format-standard","hentry","category-noticias"],"jetpack_publicize_connections":[],"jetpack_featured_media_url":"","jetpack_sharing_enabled":true,"jetpack_shortlink":"https:\/\/wp.me\/parAg0-vd","_links":{"self":[{"href":"https:\/\/wp.ufpel.edu.br\/ppgmmat\/wp-json\/wp\/v2\/posts\/1935","targetHints":{"allow":["GET"]}}],"collection":[{"href":"https:\/\/wp.ufpel.edu.br\/ppgmmat\/wp-json\/wp\/v2\/posts"}],"about":[{"href":"https:\/\/wp.ufpel.edu.br\/ppgmmat\/wp-json\/wp\/v2\/types\/post"}],"author":[{"embeddable":true,"href":"https:\/\/wp.ufpel.edu.br\/ppgmmat\/wp-json\/wp\/v2\/users\/458"}],"replies":[{"embeddable":true,"href":"https:\/\/wp.ufpel.edu.br\/ppgmmat\/wp-json\/wp\/v2\/comments?post=1935"}],"version-history":[{"count":2,"href":"https:\/\/wp.ufpel.edu.br\/ppgmmat\/wp-json\/wp\/v2\/posts\/1935\/revisions"}],"predecessor-version":[{"id":1938,"href":"https:\/\/wp.ufpel.edu.br\/ppgmmat\/wp-json\/wp\/v2\/posts\/1935\/revisions\/1938"}],"wp:attachment":[{"href":"https:\/\/wp.ufpel.edu.br\/ppgmmat\/wp-json\/wp\/v2\/media?parent=1935"}],"wp:term":[{"taxonomy":"category","embeddable":true,"href":"https:\/\/wp.ufpel.edu.br\/ppgmmat\/wp-json\/wp\/v2\/categories?post=1935"},{"taxonomy":"post_tag","embeddable":true,"href":"https:\/\/wp.ufpel.edu.br\/ppgmmat\/wp-json\/wp\/v2\/tags?post=1935"}],"curies":[{"name":"wp","href":"https:\/\/api.w.org\/{rel}","templated":true}]}}