{"id":1538,"date":"2015-05-19T18:38:39","date_gmt":"2015-05-19T21:38:39","guid":{"rendered":"https:\/\/wp.ufpel.edu.br\/ppgmmat\/?p=1538"},"modified":"2015-05-19T18:38:39","modified_gmt":"2015-05-19T21:38:39","slug":"palestra-prof-dr-armando-awruch","status":"publish","type":"post","link":"https:\/\/wp.ufpel.edu.br\/ppgmmat\/2015\/05\/19\/palestra-prof-dr-armando-awruch\/","title":{"rendered":"Palestra Prof. Dr. Armando Awruch"},"content":{"rendered":"<p style=\"text-align: justify\">O Programa de P\u00f3s-Gradua\u00e7\u00e3o em Modelagem Matem\u00e1tica convida a toda a comunidade para assistir ao semin\u00e1rio \u201c<strong>Analises aerodin\u00e2mica e aeroel\u00e1stica de tabuleiros de pontes e de edifica\u00e7\u00f5es usando simula\u00e7\u00e3o num\u00e9rica<\/strong>\u201d a ser realizado nesta quinta-feira (21\/05\/2015) \u00e0s 13h, na sala 111 do pr\u00e9dio 16 do IFM. O ministrante ser\u00e1 o Dr. Armando M. Awruch, Professor dos Programas de P\u00f3s-Gradua\u00e7\u00e3o em Engenharia Civil (PPGEC) e Engenharia Mec\u00e2nica (PROMEC) da Universidade Federal do Rio Grande do Sul.<\/p>\n<p><strong>\u00a0<\/strong><\/p>\n<p style=\"text-align: justify\"><strong>Resumo da palestra: <\/strong><\/p>\n<p style=\"text-align: justify\"><strong>O estudo de problemas envolvendo a a\u00e7\u00e3o do vento sobre estruturas t\u00edpicas da engenharia civil (tais como pontes e edifica\u00e7\u00f5es) t\u00eam sido tradicionalmente realizado por meio de t\u00e9cnicas experimentais desenvolvidas em t\u00faneis de vento. No entanto, com o crescente avan\u00e7o na capacidade de processamento e armazenamento de dados dos computadores atuais, modelos num\u00e9ricos cada vez mais complexos e eficientes t\u00eam sido elaborados e aplicados nesta \u00e1rea, conferindo \u00e0 simula\u00e7\u00e3o num\u00e9rica um alto grau de confiabilidade. <\/strong><\/p>\n<p style=\"text-align: justify\"><strong>Na abordagem computacional, o escoamento do vento \u00e9 simulado utilizando t\u00e9cnicas desenvolvidas pela Din\u00e2mica dos Fluidos Computacional. Um modelo de turbul\u00eancia \u00e9 usualmente incorporado ao modelo num\u00e9rico a fim de representar as escalas de turbul\u00eancia n\u00e3o percept\u00edveis pela malha gerada no dom\u00ednio computacional. <\/strong><\/p>\n<p style=\"text-align: justify\"><strong>Os campos de press\u00e3o e velocidade do vento obtidos numericamente s\u00e3o transmitidos \u00e0s estruturas imersas no fluido em forma de for\u00e7as aerodin\u00e2micas, as quais s\u00e3o utilizadas para efetuar o projeto estrutural. Entretanto, em determinados casos, o comportamento din\u00e2mico da estrutura influencia significativamente o escoamento em torno do corpo, o que por sua vez altera as for\u00e7as que o fluido transmite \u00e0 estrutura, estabelecendo-se uma intera\u00e7\u00e3o entre ambos os m\u00e9dios, obrigando a analisar o problema em forma acoplada. <\/strong><\/p>\n<p style=\"text-align: justify\"><strong>V\u00e1rios exemplos s\u00e3o apresentados e, quando poss\u00edvel, comparados com resultados num\u00e9ricos e experimentais obtidos por outros autores.<\/strong><\/p>\n","protected":false},"excerpt":{"rendered":"<p>O Programa de P\u00f3s-Gradua\u00e7\u00e3o em Modelagem Matem\u00e1tica convida a toda a comunidade para assistir ao semin\u00e1rio \u201cAnalises aerodin\u00e2mica e aeroel\u00e1stica de tabuleiros de pontes e de edifica\u00e7\u00f5es usando simula\u00e7\u00e3o num\u00e9rica\u201d a ser realizado nesta quinta-feira (21\/05\/2015) \u00e0s 13h, na sala 111 do pr\u00e9dio 16 do IFM. O ministrante ser\u00e1 o Dr. Armando M. Awruch, Professor [&hellip;]<\/p>\n","protected":false},"author":458,"featured_media":0,"comment_status":"closed","ping_status":"closed","sticky":false,"template":"","format":"standard","meta":{"jetpack_post_was_ever_published":false,"_jetpack_newsletter_access":"","_jetpack_dont_email_post_to_subs":false,"_jetpack_newsletter_tier_id":0,"_jetpack_memberships_contains_paywalled_content":false,"_jetpack_memberships_contains_paid_content":false,"footnotes":"","jetpack_publicize_message":"","jetpack_publicize_feature_enabled":true,"jetpack_social_post_already_shared":false,"jetpack_social_options":{"image_generator_settings":{"template":"highway","default_image_id":0,"font":"","enabled":false},"version":2}},"categories":[4],"tags":[],"class_list":["post-1538","post","type-post","status-publish","format-standard","hentry","category-noticias"],"jetpack_publicize_connections":[],"jetpack_featured_media_url":"","jetpack_sharing_enabled":true,"jetpack_shortlink":"https:\/\/wp.me\/parAg0-oO","_links":{"self":[{"href":"https:\/\/wp.ufpel.edu.br\/ppgmmat\/wp-json\/wp\/v2\/posts\/1538","targetHints":{"allow":["GET"]}}],"collection":[{"href":"https:\/\/wp.ufpel.edu.br\/ppgmmat\/wp-json\/wp\/v2\/posts"}],"about":[{"href":"https:\/\/wp.ufpel.edu.br\/ppgmmat\/wp-json\/wp\/v2\/types\/post"}],"author":[{"embeddable":true,"href":"https:\/\/wp.ufpel.edu.br\/ppgmmat\/wp-json\/wp\/v2\/users\/458"}],"replies":[{"embeddable":true,"href":"https:\/\/wp.ufpel.edu.br\/ppgmmat\/wp-json\/wp\/v2\/comments?post=1538"}],"version-history":[{"count":3,"href":"https:\/\/wp.ufpel.edu.br\/ppgmmat\/wp-json\/wp\/v2\/posts\/1538\/revisions"}],"predecessor-version":[{"id":1541,"href":"https:\/\/wp.ufpel.edu.br\/ppgmmat\/wp-json\/wp\/v2\/posts\/1538\/revisions\/1541"}],"wp:attachment":[{"href":"https:\/\/wp.ufpel.edu.br\/ppgmmat\/wp-json\/wp\/v2\/media?parent=1538"}],"wp:term":[{"taxonomy":"category","embeddable":true,"href":"https:\/\/wp.ufpel.edu.br\/ppgmmat\/wp-json\/wp\/v2\/categories?post=1538"},{"taxonomy":"post_tag","embeddable":true,"href":"https:\/\/wp.ufpel.edu.br\/ppgmmat\/wp-json\/wp\/v2\/tags?post=1538"}],"curies":[{"name":"wp","href":"https:\/\/api.w.org\/{rel}","templated":true}]}}