{"id":1178,"date":"2013-10-14T11:20:08","date_gmt":"2013-10-14T14:20:08","guid":{"rendered":"http:\/\/pgmat.ufpel.edu.br\/?p=1178"},"modified":"2013-10-14T11:20:08","modified_gmt":"2013-10-14T14:20:08","slug":"seminario-sobre-a-aprendizagem-em-controle","status":"publish","type":"post","link":"https:\/\/wp.ufpel.edu.br\/ppgmmat\/2013\/10\/14\/seminario-sobre-a-aprendizagem-em-controle\/","title":{"rendered":"Semin\u00e1rio sobre a Aprendizagem em Controle"},"content":{"rendered":"<p>No dia\u00a021\/10 (segunda-feira), \u00e0s 12:30, teremos o semin\u00e1rio <em>Aprendizagem em Controle<\/em> com o Prof. Dr. Fabr\u00edcio Cabral do Departamento de Matem\u00e1tica e Estat\u00edstica da UFPel, na sala 111 do predio 16.<\/p>\n<p>O resumo do semin\u00e1rio encontra-se no link abaixo.<\/p>\n<p><a href=\"http:\/\/pgmat.ufpel.edu.br\/wp-content\/uploads\/2013\/10\/APRENDIZAGEM-EM-CONTROLEseminario20131.docx\">APRENDIZAGEM EM CONTROLEseminario2013<\/a><\/p>\n<p>Contamos com a presen\u00e7a de todos.<\/p>\n<p>&nbsp;<\/p>\n<p>&nbsp;<\/p>\n","protected":false},"excerpt":{"rendered":"<p>No dia\u00a021\/10 (segunda-feira), \u00e0s 12:30, teremos o semin\u00e1rio Aprendizagem em Controle com o Prof. Dr. Fabr\u00edcio Cabral do Departamento de Matem\u00e1tica e Estat\u00edstica da UFPel, na sala 111 do predio 16. O resumo do semin\u00e1rio encontra-se no link abaixo. APRENDIZAGEM EM CONTROLEseminario2013 Contamos com a presen\u00e7a de todos. &nbsp; &nbsp;<\/p>\n","protected":false},"author":458,"featured_media":0,"comment_status":"closed","ping_status":"closed","sticky":false,"template":"","format":"standard","meta":{"jetpack_post_was_ever_published":false,"_jetpack_newsletter_access":"","_jetpack_dont_email_post_to_subs":false,"_jetpack_newsletter_tier_id":0,"_jetpack_memberships_contains_paywalled_content":false,"_jetpack_memberships_contains_paid_content":false,"footnotes":"","jetpack_publicize_message":"","jetpack_publicize_feature_enabled":true,"jetpack_social_post_already_shared":false,"jetpack_social_options":{"image_generator_settings":{"template":"highway","default_image_id":0,"font":"","enabled":false},"version":2}},"categories":[4],"tags":[],"class_list":["post-1178","post","type-post","status-publish","format-standard","hentry","category-noticias"],"jetpack_publicize_connections":[],"jetpack_featured_media_url":"","jetpack_sharing_enabled":true,"jetpack_shortlink":"https:\/\/wp.me\/parAg0-j0","_links":{"self":[{"href":"https:\/\/wp.ufpel.edu.br\/ppgmmat\/wp-json\/wp\/v2\/posts\/1178","targetHints":{"allow":["GET"]}}],"collection":[{"href":"https:\/\/wp.ufpel.edu.br\/ppgmmat\/wp-json\/wp\/v2\/posts"}],"about":[{"href":"https:\/\/wp.ufpel.edu.br\/ppgmmat\/wp-json\/wp\/v2\/types\/post"}],"author":[{"embeddable":true,"href":"https:\/\/wp.ufpel.edu.br\/ppgmmat\/wp-json\/wp\/v2\/users\/458"}],"replies":[{"embeddable":true,"href":"https:\/\/wp.ufpel.edu.br\/ppgmmat\/wp-json\/wp\/v2\/comments?post=1178"}],"version-history":[{"count":0,"href":"https:\/\/wp.ufpel.edu.br\/ppgmmat\/wp-json\/wp\/v2\/posts\/1178\/revisions"}],"wp:attachment":[{"href":"https:\/\/wp.ufpel.edu.br\/ppgmmat\/wp-json\/wp\/v2\/media?parent=1178"}],"wp:term":[{"taxonomy":"category","embeddable":true,"href":"https:\/\/wp.ufpel.edu.br\/ppgmmat\/wp-json\/wp\/v2\/categories?post=1178"},{"taxonomy":"post_tag","embeddable":true,"href":"https:\/\/wp.ufpel.edu.br\/ppgmmat\/wp-json\/wp\/v2\/tags?post=1178"}],"curies":[{"name":"wp","href":"https:\/\/api.w.org\/{rel}","templated":true}]}}