{"id":927,"date":"2021-11-16T13:59:13","date_gmt":"2021-11-16T16:59:13","guid":{"rendered":"https:\/\/wp.ufpel.edu.br\/ppgmet\/?p=927"},"modified":"2021-11-16T13:59:13","modified_gmt":"2021-11-16T16:59:13","slug":"seminario-do-programa-de-pos-graduacao-em-meteorologia-4","status":"publish","type":"post","link":"https:\/\/wp.ufpel.edu.br\/ppgmet\/2021\/11\/16\/seminario-do-programa-de-pos-graduacao-em-meteorologia-4\/","title":{"rendered":"Semin\u00e1rio do Programa de P\u00f3s-gradua\u00e7\u00e3o em Meteorologia"},"content":{"rendered":"<p><strong>EMISS\u00c3O DE GASES DE EFEITO ESTUFA, EMISS\u00d5ES\u00a0 AGR\u00cdCOLAS E SUA MITIGA\u00c7\u00c3O<\/strong><\/p>\n<p style=\"text-align: justify\">O efeito estufa \u00e9 um fen\u00f4meno natural, respons\u00e1vel pelo aquecimento da superf\u00edcie terrestre, garantindo a manuten\u00e7\u00e3o de temperatura do ar favor\u00e1vel aos organismos vivos. A ocorr\u00eancia desse fen\u00f4meno se d\u00e1 porque parte da radia\u00e7\u00e3o infravermelha, emitida pela superf\u00edcie terrestre, \u00e9 absorvida por determinados gases presentes na atmosfera, denominados de gases de efeito estufa (GEE). O aumento das concentra\u00e7\u00f5es de alguns GEE na atmosfera pode causar um efeito estufa adicional, fen\u00f4meno conhecido por aquecimento global, importante influenciador das mudan\u00e7as clim\u00e1ticas, acarretando em s\u00e9rias consequ\u00eancias ao ambiente e \u00e0s atividades produtivas. Entre as atividades geradoras de GEE, a agricultura contribui para as emiss\u00f5es antr\u00f3picas de metano (CH4), mon\u00f3xido de carbono (CO), \u00f3xido nitroso (N2O) e \u00f3xidos de nitrog\u00eanio (NO2) \u00e0 atmosfera terrestre. O cultivo de arroz irrigado por inunda\u00e7\u00e3o, a queima de res\u00edduos agr\u00edcolas e o uso agr\u00edcola dos solos constituem importantes fontes de libera\u00e7\u00e3o de GEE \u00e0 atmosfera. Pa\u00edses como o Brasil, com 160 milh\u00f5es de hectares cultivados, com grande parte do seu territ\u00f3rio situado em regi\u00f5es tropicais, de elevadas temperaturas, assumem grande import\u00e2ncia como emissores de gases do efeito estufa oriundos da agricultura, especialmente quando n\u00e3o s\u00e3o adotadas pr\u00e1ticas conservacionistas de manejo do solo, como por exemplo, o plantio direto. Em contrapartida, medidas espec\u00edficas de mitiga\u00e7\u00e3o, como o manejo adequado do solo possibilita a redu\u00e7\u00e3o da contribui\u00e7\u00e3o da agricultura para o efeito estufa levando a melhoria da qualidade ambiental e a um desenvolvimento sustent\u00e1vel resultando em benef\u00edcios globais.<\/p>\n<p><strong>Thamires Raquel Marinho e Silva<\/strong><\/p>\n<p>Data: 24\/11\/2021 \u00e0s 10hs<\/p>\n<p>Link: https:\/\/webconf.ufpel.edu.br\/b\/mar-a6x-73w<\/p>\n","protected":false},"excerpt":{"rendered":"<p>EMISS\u00c3O DE GASES DE EFEITO ESTUFA, EMISS\u00d5ES\u00a0 AGR\u00cdCOLAS E SUA MITIGA\u00c7\u00c3O O efeito estufa \u00e9 um fen\u00f4meno natural, respons\u00e1vel pelo aquecimento da superf\u00edcie terrestre, garantindo a manuten\u00e7\u00e3o de temperatura do ar favor\u00e1vel aos organismos vivos. A ocorr\u00eancia desse fen\u00f4meno se d\u00e1 porque parte da radia\u00e7\u00e3o infravermelha, emitida pela superf\u00edcie terrestre, \u00e9 absorvida por determinados gases&#8230; <\/p>\n<div class=\"link-more\"><a href=\"https:\/\/wp.ufpel.edu.br\/ppgmet\/2021\/11\/16\/seminario-do-programa-de-pos-graduacao-em-meteorologia-4\/\">Leia mais<\/a><\/div>\n","protected":false},"author":424,"featured_media":0,"comment_status":"closed","ping_status":"closed","sticky":false,"template":"","format":"standard","meta":{"jetpack_post_was_ever_published":false,"_jetpack_newsletter_access":"","_jetpack_dont_email_post_to_subs":false,"_jetpack_newsletter_tier_id":0,"_jetpack_memberships_contains_paywalled_content":false,"_jetpack_memberships_contains_paid_content":false,"footnotes":"","jetpack_publicize_message":"","jetpack_publicize_feature_enabled":true,"jetpack_social_post_already_shared":true,"jetpack_social_options":{"image_generator_settings":{"template":"highway","default_image_id":0,"font":"","enabled":false},"version":2}},"categories":[18],"tags":[],"class_list":["post-927","post","type-post","status-publish","format-standard","hentry","category-noticias"],"yoast_head":"<!-- This site is optimized with the Yoast SEO plugin v26.7 - https:\/\/yoast.com\/wordpress\/plugins\/seo\/ -->\n<title>Semin\u00e1rio do Programa de P\u00f3s-gradua\u00e7\u00e3o em Meteorologia -<\/title>\n<meta name=\"robots\" content=\"index, follow, max-snippet:-1, max-image-preview:large, max-video-preview:-1\" \/>\n<link rel=\"canonical\" href=\"https:\/\/wp.ufpel.edu.br\/ppgmet\/2021\/11\/16\/seminario-do-programa-de-pos-graduacao-em-meteorologia-4\/\" \/>\n<meta property=\"og:locale\" content=\"pt_BR\" \/>\n<meta property=\"og:type\" content=\"article\" \/>\n<meta property=\"og:title\" content=\"Semin\u00e1rio do Programa de P\u00f3s-gradua\u00e7\u00e3o em Meteorologia -\" \/>\n<meta property=\"og:description\" content=\"EMISS\u00c3O DE GASES DE EFEITO ESTUFA, EMISS\u00d5ES\u00a0 AGR\u00cdCOLAS E SUA MITIGA\u00c7\u00c3O O efeito estufa \u00e9 um fen\u00f4meno natural, respons\u00e1vel pelo aquecimento da superf\u00edcie terrestre, garantindo a manuten\u00e7\u00e3o de temperatura do ar favor\u00e1vel aos organismos vivos. A ocorr\u00eancia desse fen\u00f4meno se d\u00e1 porque parte da radia\u00e7\u00e3o infravermelha, emitida pela superf\u00edcie terrestre, \u00e9 absorvida por determinados gases... Leia mais\" \/>\n<meta property=\"og:url\" content=\"https:\/\/wp.ufpel.edu.br\/ppgmet\/2021\/11\/16\/seminario-do-programa-de-pos-graduacao-em-meteorologia-4\/\" \/>\n<meta property=\"article:published_time\" content=\"2021-11-16T16:59:13+00:00\" \/>\n<meta name=\"author\" content=\"ppgmet\" \/>\n<meta name=\"twitter:card\" content=\"summary_large_image\" \/>\n<meta name=\"twitter:label1\" content=\"Escrito por\" \/>\n\t<meta name=\"twitter:data1\" content=\"ppgmet\" \/>\n\t<meta name=\"twitter:label2\" content=\"Est. tempo de leitura\" \/>\n\t<meta name=\"twitter:data2\" content=\"2 minutos\" \/>\n<script type=\"application\/ld+json\" class=\"yoast-schema-graph\">{\"@context\":\"https:\/\/schema.org\",\"@graph\":[{\"@type\":\"Article\",\"@id\":\"https:\/\/wp.ufpel.edu.br\/ppgmet\/2021\/11\/16\/seminario-do-programa-de-pos-graduacao-em-meteorologia-4\/#article\",\"isPartOf\":{\"@id\":\"https:\/\/wp.ufpel.edu.br\/ppgmet\/2021\/11\/16\/seminario-do-programa-de-pos-graduacao-em-meteorologia-4\/\"},\"author\":{\"name\":\"ppgmet\",\"@id\":\"https:\/\/wp.ufpel.edu.br\/ppgmet\/#\/schema\/person\/7d2e4dda600f26864055006f3d2843ed\"},\"headline\":\"Semin\u00e1rio do Programa de P\u00f3s-gradua\u00e7\u00e3o em Meteorologia\",\"datePublished\":\"2021-11-16T16:59:13+00:00\",\"mainEntityOfPage\":{\"@id\":\"https:\/\/wp.ufpel.edu.br\/ppgmet\/2021\/11\/16\/seminario-do-programa-de-pos-graduacao-em-meteorologia-4\/\"},\"wordCount\":315,\"articleSection\":[\"Not\u00edcias\"],\"inLanguage\":\"pt-BR\"},{\"@type\":\"WebPage\",\"@id\":\"https:\/\/wp.ufpel.edu.br\/ppgmet\/2021\/11\/16\/seminario-do-programa-de-pos-graduacao-em-meteorologia-4\/\",\"url\":\"https:\/\/wp.ufpel.edu.br\/ppgmet\/2021\/11\/16\/seminario-do-programa-de-pos-graduacao-em-meteorologia-4\/\",\"name\":\"Semin\u00e1rio do Programa de P\u00f3s-gradua\u00e7\u00e3o em Meteorologia -\",\"isPartOf\":{\"@id\":\"https:\/\/wp.ufpel.edu.br\/ppgmet\/#website\"},\"datePublished\":\"2021-11-16T16:59:13+00:00\",\"author\":{\"@id\":\"https:\/\/wp.ufpel.edu.br\/ppgmet\/#\/schema\/person\/7d2e4dda600f26864055006f3d2843ed\"},\"breadcrumb\":{\"@id\":\"https:\/\/wp.ufpel.edu.br\/ppgmet\/2021\/11\/16\/seminario-do-programa-de-pos-graduacao-em-meteorologia-4\/#breadcrumb\"},\"inLanguage\":\"pt-BR\",\"potentialAction\":[{\"@type\":\"ReadAction\",\"target\":[\"https:\/\/wp.ufpel.edu.br\/ppgmet\/2021\/11\/16\/seminario-do-programa-de-pos-graduacao-em-meteorologia-4\/\"]}]},{\"@type\":\"BreadcrumbList\",\"@id\":\"https:\/\/wp.ufpel.edu.br\/ppgmet\/2021\/11\/16\/seminario-do-programa-de-pos-graduacao-em-meteorologia-4\/#breadcrumb\",\"itemListElement\":[{\"@type\":\"ListItem\",\"position\":1,\"name\":\"In\u00edcio\",\"item\":\"https:\/\/wp.ufpel.edu.br\/ppgmet\/\"},{\"@type\":\"ListItem\",\"position\":2,\"name\":\"Semin\u00e1rio do Programa de P\u00f3s-gradua\u00e7\u00e3o em Meteorologia\"}]},{\"@type\":\"WebSite\",\"@id\":\"https:\/\/wp.ufpel.edu.br\/ppgmet\/#website\",\"url\":\"https:\/\/wp.ufpel.edu.br\/ppgmet\/\",\"name\":\"\",\"description\":\"Programa de P\u00f3s Gradua\u00e7\u00e3o em Meteorologia\",\"potentialAction\":[{\"@type\":\"SearchAction\",\"target\":{\"@type\":\"EntryPoint\",\"urlTemplate\":\"https:\/\/wp.ufpel.edu.br\/ppgmet\/?s={search_term_string}\"},\"query-input\":{\"@type\":\"PropertyValueSpecification\",\"valueRequired\":true,\"valueName\":\"search_term_string\"}}],\"inLanguage\":\"pt-BR\"},{\"@type\":\"Person\",\"@id\":\"https:\/\/wp.ufpel.edu.br\/ppgmet\/#\/schema\/person\/7d2e4dda600f26864055006f3d2843ed\",\"name\":\"ppgmet\",\"image\":{\"@type\":\"ImageObject\",\"inLanguage\":\"pt-BR\",\"@id\":\"https:\/\/wp.ufpel.edu.br\/ppgmet\/#\/schema\/person\/image\/\",\"url\":\"https:\/\/secure.gravatar.com\/avatar\/2aee8c316c9b85c8c8ecb6d44afa759d5dc24847f33ab5a25d8bcc9884d82ac0?s=96&d=mm&r=g\",\"contentUrl\":\"https:\/\/secure.gravatar.com\/avatar\/2aee8c316c9b85c8c8ecb6d44afa759d5dc24847f33ab5a25d8bcc9884d82ac0?s=96&d=mm&r=g\",\"caption\":\"ppgmet\"},\"url\":\"https:\/\/wp.ufpel.edu.br\/ppgmet\/author\/ppgmet\/\"}]}<\/script>\n<!-- \/ Yoast SEO plugin. -->","yoast_head_json":{"title":"Semin\u00e1rio do Programa de P\u00f3s-gradua\u00e7\u00e3o em Meteorologia -","robots":{"index":"index","follow":"follow","max-snippet":"max-snippet:-1","max-image-preview":"max-image-preview:large","max-video-preview":"max-video-preview:-1"},"canonical":"https:\/\/wp.ufpel.edu.br\/ppgmet\/2021\/11\/16\/seminario-do-programa-de-pos-graduacao-em-meteorologia-4\/","og_locale":"pt_BR","og_type":"article","og_title":"Semin\u00e1rio do Programa de P\u00f3s-gradua\u00e7\u00e3o em Meteorologia -","og_description":"EMISS\u00c3O DE GASES DE EFEITO ESTUFA, EMISS\u00d5ES\u00a0 AGR\u00cdCOLAS E SUA MITIGA\u00c7\u00c3O O efeito estufa \u00e9 um fen\u00f4meno natural, respons\u00e1vel pelo aquecimento da superf\u00edcie terrestre, garantindo a manuten\u00e7\u00e3o de temperatura do ar favor\u00e1vel aos organismos vivos. A ocorr\u00eancia desse fen\u00f4meno se d\u00e1 porque parte da radia\u00e7\u00e3o infravermelha, emitida pela superf\u00edcie terrestre, \u00e9 absorvida por determinados gases... Leia mais","og_url":"https:\/\/wp.ufpel.edu.br\/ppgmet\/2021\/11\/16\/seminario-do-programa-de-pos-graduacao-em-meteorologia-4\/","article_published_time":"2021-11-16T16:59:13+00:00","author":"ppgmet","twitter_card":"summary_large_image","twitter_misc":{"Escrito por":"ppgmet","Est. tempo de leitura":"2 minutos"},"schema":{"@context":"https:\/\/schema.org","@graph":[{"@type":"Article","@id":"https:\/\/wp.ufpel.edu.br\/ppgmet\/2021\/11\/16\/seminario-do-programa-de-pos-graduacao-em-meteorologia-4\/#article","isPartOf":{"@id":"https:\/\/wp.ufpel.edu.br\/ppgmet\/2021\/11\/16\/seminario-do-programa-de-pos-graduacao-em-meteorologia-4\/"},"author":{"name":"ppgmet","@id":"https:\/\/wp.ufpel.edu.br\/ppgmet\/#\/schema\/person\/7d2e4dda600f26864055006f3d2843ed"},"headline":"Semin\u00e1rio do Programa de P\u00f3s-gradua\u00e7\u00e3o em Meteorologia","datePublished":"2021-11-16T16:59:13+00:00","mainEntityOfPage":{"@id":"https:\/\/wp.ufpel.edu.br\/ppgmet\/2021\/11\/16\/seminario-do-programa-de-pos-graduacao-em-meteorologia-4\/"},"wordCount":315,"articleSection":["Not\u00edcias"],"inLanguage":"pt-BR"},{"@type":"WebPage","@id":"https:\/\/wp.ufpel.edu.br\/ppgmet\/2021\/11\/16\/seminario-do-programa-de-pos-graduacao-em-meteorologia-4\/","url":"https:\/\/wp.ufpel.edu.br\/ppgmet\/2021\/11\/16\/seminario-do-programa-de-pos-graduacao-em-meteorologia-4\/","name":"Semin\u00e1rio do Programa de P\u00f3s-gradua\u00e7\u00e3o em Meteorologia -","isPartOf":{"@id":"https:\/\/wp.ufpel.edu.br\/ppgmet\/#website"},"datePublished":"2021-11-16T16:59:13+00:00","author":{"@id":"https:\/\/wp.ufpel.edu.br\/ppgmet\/#\/schema\/person\/7d2e4dda600f26864055006f3d2843ed"},"breadcrumb":{"@id":"https:\/\/wp.ufpel.edu.br\/ppgmet\/2021\/11\/16\/seminario-do-programa-de-pos-graduacao-em-meteorologia-4\/#breadcrumb"},"inLanguage":"pt-BR","potentialAction":[{"@type":"ReadAction","target":["https:\/\/wp.ufpel.edu.br\/ppgmet\/2021\/11\/16\/seminario-do-programa-de-pos-graduacao-em-meteorologia-4\/"]}]},{"@type":"BreadcrumbList","@id":"https:\/\/wp.ufpel.edu.br\/ppgmet\/2021\/11\/16\/seminario-do-programa-de-pos-graduacao-em-meteorologia-4\/#breadcrumb","itemListElement":[{"@type":"ListItem","position":1,"name":"In\u00edcio","item":"https:\/\/wp.ufpel.edu.br\/ppgmet\/"},{"@type":"ListItem","position":2,"name":"Semin\u00e1rio do Programa de P\u00f3s-gradua\u00e7\u00e3o em Meteorologia"}]},{"@type":"WebSite","@id":"https:\/\/wp.ufpel.edu.br\/ppgmet\/#website","url":"https:\/\/wp.ufpel.edu.br\/ppgmet\/","name":"","description":"Programa de P\u00f3s Gradua\u00e7\u00e3o em Meteorologia","potentialAction":[{"@type":"SearchAction","target":{"@type":"EntryPoint","urlTemplate":"https:\/\/wp.ufpel.edu.br\/ppgmet\/?s={search_term_string}"},"query-input":{"@type":"PropertyValueSpecification","valueRequired":true,"valueName":"search_term_string"}}],"inLanguage":"pt-BR"},{"@type":"Person","@id":"https:\/\/wp.ufpel.edu.br\/ppgmet\/#\/schema\/person\/7d2e4dda600f26864055006f3d2843ed","name":"ppgmet","image":{"@type":"ImageObject","inLanguage":"pt-BR","@id":"https:\/\/wp.ufpel.edu.br\/ppgmet\/#\/schema\/person\/image\/","url":"https:\/\/secure.gravatar.com\/avatar\/2aee8c316c9b85c8c8ecb6d44afa759d5dc24847f33ab5a25d8bcc9884d82ac0?s=96&d=mm&r=g","contentUrl":"https:\/\/secure.gravatar.com\/avatar\/2aee8c316c9b85c8c8ecb6d44afa759d5dc24847f33ab5a25d8bcc9884d82ac0?s=96&d=mm&r=g","caption":"ppgmet"},"url":"https:\/\/wp.ufpel.edu.br\/ppgmet\/author\/ppgmet\/"}]}},"jetpack_publicize_connections":[],"jetpack_featured_media_url":"","jetpack_sharing_enabled":true,"jetpack_shortlink":"https:\/\/wp.me\/p8qPE3-eX","_links":{"self":[{"href":"https:\/\/wp.ufpel.edu.br\/ppgmet\/wp-json\/wp\/v2\/posts\/927","targetHints":{"allow":["GET"]}}],"collection":[{"href":"https:\/\/wp.ufpel.edu.br\/ppgmet\/wp-json\/wp\/v2\/posts"}],"about":[{"href":"https:\/\/wp.ufpel.edu.br\/ppgmet\/wp-json\/wp\/v2\/types\/post"}],"author":[{"embeddable":true,"href":"https:\/\/wp.ufpel.edu.br\/ppgmet\/wp-json\/wp\/v2\/users\/424"}],"replies":[{"embeddable":true,"href":"https:\/\/wp.ufpel.edu.br\/ppgmet\/wp-json\/wp\/v2\/comments?post=927"}],"version-history":[{"count":1,"href":"https:\/\/wp.ufpel.edu.br\/ppgmet\/wp-json\/wp\/v2\/posts\/927\/revisions"}],"predecessor-version":[{"id":929,"href":"https:\/\/wp.ufpel.edu.br\/ppgmet\/wp-json\/wp\/v2\/posts\/927\/revisions\/929"}],"wp:attachment":[{"href":"https:\/\/wp.ufpel.edu.br\/ppgmet\/wp-json\/wp\/v2\/media?parent=927"}],"wp:term":[{"taxonomy":"category","embeddable":true,"href":"https:\/\/wp.ufpel.edu.br\/ppgmet\/wp-json\/wp\/v2\/categories?post=927"},{"taxonomy":"post_tag","embeddable":true,"href":"https:\/\/wp.ufpel.edu.br\/ppgmet\/wp-json\/wp\/v2\/tags?post=927"}],"curies":[{"name":"wp","href":"https:\/\/api.w.org\/{rel}","templated":true}]}}